{"id":8497,"date":"2026-02-06T15:11:17","date_gmt":"2026-02-06T15:11:17","guid":{"rendered":"https:\/\/ophtalmofes.ma\/?p=8497"},"modified":"2026-02-06T15:13:04","modified_gmt":"2026-02-06T15:13:04","slug":"dr-bengebra-omar-ophtalmologue-fes","status":"publish","type":"post","link":"https:\/\/ophtalmofes.ma\/ar\/dr-bengebra-omar-ophtalmologue-fes\/","title":{"rendered":"Dr Bengebra Omar ophtalmologue F\u00e8s :\u062c\u0631\u0627\u062d\u0629 \u0627\u0644\u062c\u0644\u0627\u0644\u0629"},"content":{"rendered":"<figure class=\"wp-block-gallery has-nested-images columns-default is-cropped wp-block-gallery-1 is-layout-flex wp-block-gallery-is-layout-flex\">\n<figure class=\"wp-block-image size-large\"><img fetchpriority=\"high\" decoding=\"async\" width=\"400\" height=\"300\" data-id=\"8498\" src=\"https:\/\/ophtalmofes.ma\/wp-content\/uploads\/2026\/02\/Ophtalmologue-a-fes-dr-bengebara-omar-7.png\" alt=\"\" class=\"wp-image-8498\" srcset=\"https:\/\/ophtalmofes.ma\/wp-content\/uploads\/2026\/02\/Ophtalmologue-a-fes-dr-bengebara-omar-7.png 400w, https:\/\/ophtalmofes.ma\/wp-content\/uploads\/2026\/02\/Ophtalmologue-a-fes-dr-bengebara-omar-7-300x225.png 300w, https:\/\/ophtalmofes.ma\/wp-content\/uploads\/2026\/02\/Ophtalmologue-a-fes-dr-bengebara-omar-7-16x12.png 16w\" sizes=\"(max-width: 400px) 100vw, 400px\" \/><\/figure>\n<\/figure>\n\n\n\n<p>\u00c0 F\u00e8s, la sant\u00e9 des yeux demande une attention particuli\u00e8re. Dr Bengebra Omar ophtalmologue F\u00e8s accompagne ses patients avec s\u00e9rieux et \u00e9coute au sein du centre <a href=\"https:\/\/ophtalmofes.ma\/ar\/\">\u062c\u0631\u0627\u062d\u0629 \u0627\u0644\u062c\u0644\u0627\u0644\u0629<\/a>. Gr\u00e2ce \u00e0 son exp\u00e9rience et \u00e0 une approche humaine, chaque consultation permet d\u2019identifier les besoins r\u00e9els du patient et d\u2019apporter des solutions adapt\u00e9es. L\u2019objectif reste clair : pr\u00e9server la vision et am\u00e9liorer le confort visuel au quotidien.<\/p>\n\n\n\n<h2 class=\"wp-block-heading\">Des consultations adapt\u00e9es \u00e0 chaque patient<\/h2>\n\n\n\n<p>Tout d\u2019abord, Dr Bengebra Omar prend le temps d\u2019\u00e9valuer la sant\u00e9 oculaire lors de chaque consultation. Il r\u00e9alise un examen complet afin de d\u00e9tecter rapidement les troubles visuels. Ensuite, il propose un suivi personnalis\u00e9 selon l\u2019\u00e2ge, le mode de vie et les ant\u00e9c\u00e9dents m\u00e9dicaux. Cette approche permet d\u2019assurer une prise en charge efficace et rassurante pour les adultes comme pour les enfants.<\/p>\n\n\n\n<h2 class=\"wp-block-heading\">D\u00e9pistage et traitement des troubles visuels<\/h2>\n\n\n\n<p>Le d\u00e9pistage pr\u00e9coce joue un r\u00f4le essentiel dans la protection de la vue. Au centre \u062c\u0631\u0627\u062d\u0629 \u0627\u0644\u062c\u0644\u0627\u0644\u0629 F\u00e8s, Dr Bengebra Omar traite les troubles visuels courants tels que la myopie, l\u2019astigmatisme ou la presbytie. De plus, il assure le suivi des pathologies oculaires afin de limiter leur \u00e9volution. Gr\u00e2ce \u00e0 un diagnostic pr\u00e9cis, les patients b\u00e9n\u00e9ficient d\u2019un traitement adapt\u00e9 et d\u2019un accompagnement continu.<\/p>\n\n\n\n<h2 class=\"wp-block-heading\">Des \u00e9quipements modernes pour des soins pr\u00e9cis<\/h2>\n\n\n\n<p>Par ailleurs, le centre \u062c\u0631\u0627\u062d\u0629 \u0627\u0644\u062c\u0644\u0627\u0644\u0629 dispose d\u2019\u00e9quipements modernes qui facilitent les examens et am\u00e9liorent la pr\u00e9cision des diagnostics. Ces technologies permettent d\u2019assurer des soins s\u00e9curis\u00e9s et confortables. Ainsi, chaque patient profite d\u2019une prise en charge efficace dans un environnement professionnel et rassurant.<\/p>\n\n\n\n<h3 class=\"wp-block-heading\">Un accompagnement bas\u00e9 sur la confiance et l\u2019\u00e9coute<\/h3>\n\n\n\n<p>La relation entre le m\u00e9decin et le patient reste essentielle. Dr Bengebra Omar privil\u00e9gie l\u2019\u00e9coute et la p\u00e9dagogie afin d\u2019expliquer clairement chaque \u00e9tape du suivi. Cette proximit\u00e9 permet aux patients de mieux comprendre leur sant\u00e9 visuelle et d\u2019adopter les bons r\u00e9flexes pour prot\u00e9ger leurs yeux sur le long terme.<\/p>\n\n\n\n<h3 class=\"wp-block-heading\">Prenez rendez-vous avec Dr Bengebra Omar ophtalmologue F\u00e8s<\/h3>\n\n\n\n<p>Pr\u00e9server sa vision demande un suivi r\u00e9gulier. Pour un contr\u00f4le, un d\u00e9pistage ou un avis sp\u00e9cialis\u00e9, prenez rendez-vous d\u00e8s aujourd\u2019hui avec Dr Bengebra Omar ophtalmologue F\u00e8s au centre \u062c\u0631\u0627\u062d\u0629 \u0627\u0644\u062c\u0644\u0627\u0644\u0629. Vous b\u00e9n\u00e9ficiez d\u2019un accompagnement professionnel, d\u2019un diagnostic pr\u00e9cis et de soins adapt\u00e9s pour prot\u00e9ger durablement votre vue.<\/p>","protected":false},"excerpt":{"rendered":"<p>\u00c0 F\u00e8s, la sant\u00e9 des yeux demande une attention particuli\u00e8re. Dr Bengebra Omar ophtalmologue F\u00e8s accompagne ses patients avec s\u00e9rieux et \u00e9coute au sein du centre \u062c\u0631\u0627\u062d\u0629 \u0627\u0644\u062c\u0644\u0627\u0644\u0629. Gr\u00e2ce \u00e0 son exp\u00e9rience et \u00e0 une approche humaine, chaque consultation permet d\u2019identifier les besoins r\u00e9els du patient et d\u2019apporter des solutions adapt\u00e9es. L\u2019objectif reste clair : [&hellip;]<\/p>","protected":false},"author":3,"featured_media":8498,"comment_status":"closed","ping_status":"open","sticky":false,"template":"","format":"standard","meta":{"_themeisle_gutenberg_block_has_review":false,"footnotes":""},"categories":[91,90,96,89,88,98,92,95,97,94,87,86,93,79],"tags":[105,101,104,106,102,99,100,103],"class_list":["post-8497","post","type-post","status-publish","format-standard","has-post-thumbnail","hentry","category-cataracte","category-chirurgie-des-yeux","category-dmla","category-laser-ophtalmologique","category-medecin-ophtalmologiste","category-medecin-specialiste-fes","category-myopie-hypermetropie-astigmatisme","category-ophtalmologue-fes","category-soins-oculaires-fes","category-specialiste-des-yeux-a-fes","category-specialites","category-troubles-de-la-vision","category-urgence-ophtalmologique","category-urgences","tag-chirurgie-des-yeux","tag-clinique-ophtalmologique","tag-consultation-ophtalmologique","tag-examen-de-la-vue","tag-medecin-des-yeux","tag-medecin-specialiste-fes","tag-ophtalmologue-fes","tag-sante-oculaire"],"yoast_head":"<!-- This site is optimized with the Yoast SEO plugin v27.5 - https:\/\/yoast.com\/product\/yoast-seo-wordpress\/ -->\n<title>Dr Bengebra Omar ophtalmologue F\u00e8s :\u062c\u0631\u0627\u062d\u0629 \u0627\u0644\u062c\u0644\u0627\u0644\u0629 - Ophtalmologue Fes<\/title>\n<meta name=\"description\" content=\"Dr Bengebra Omar ophtalmologue F\u00e8s au centre \u062c\u0631\u0627\u062d\u0629 \u0627\u0644\u062c\u0644\u0627\u0644\u0629, consultations, d\u00e9pistage et soins oculaires avec \u00e9quipements modernes.\" \/>\n<meta name=\"robots\" content=\"index, follow, max-snippet:-1, max-image-preview:large, max-video-preview:-1\" \/>\n<link rel=\"canonical\" href=\"https:\/\/ophtalmofes.ma\/ar\/dr-bengebra-omar-ophtalmologue-fes\/\" \/>\n<meta property=\"og:locale\" content=\"ar_AR\" \/>\n<meta property=\"og:type\" content=\"article\" \/>\n<meta property=\"og:title\" content=\"Dr Bengebra Omar ophtalmologue F\u00e8s :\u062c\u0631\u0627\u062d\u0629 \u0627\u0644\u062c\u0644\u0627\u0644\u0629 - Ophtalmologue Fes\" \/>\n<meta property=\"og:description\" content=\"Dr Bengebra Omar ophtalmologue F\u00e8s au centre \u062c\u0631\u0627\u062d\u0629 \u0627\u0644\u062c\u0644\u0627\u0644\u0629, consultations, d\u00e9pistage et soins oculaires avec \u00e9quipements modernes.\" \/>\n<meta property=\"og:url\" content=\"https:\/\/ophtalmofes.ma\/ar\/dr-bengebra-omar-ophtalmologue-fes\/\" \/>\n<meta property=\"og:site_name\" content=\"Ophtalmologue Fes\" \/>\n<meta property=\"article:published_time\" content=\"2026-02-06T15:11:17+00:00\" \/>\n<meta property=\"article:modified_time\" content=\"2026-02-06T15:13:04+00:00\" \/>\n<meta property=\"og:image\" content=\"https:\/\/ophtalmofes.ma\/wp-content\/uploads\/2026\/02\/Ophtalmologue-a-fes-dr-bengebara-omar-7.png\" \/>\n\t<meta property=\"og:image:width\" content=\"400\" \/>\n\t<meta property=\"og:image:height\" content=\"300\" \/>\n\t<meta property=\"og:image:type\" content=\"image\/png\" \/>\n<meta name=\"author\" content=\"noussa\" \/>\n<meta name=\"twitter:card\" content=\"summary_large_image\" \/>\n<meta name=\"twitter:label1\" content=\"\u0643\u064f\u062a\u0628 \u0628\u0648\u0627\u0633\u0637\u0629\" \/>\n\t<meta name=\"twitter:data1\" content=\"noussa\" \/>\n\t<meta name=\"twitter:label2\" content=\"\u0648\u0642\u062a \u0627\u0644\u0642\u0631\u0627\u0621\u0629 \u0627\u0644\u0645\u064f\u0642\u062f\u0651\u0631\" \/>\n\t<meta name=\"twitter:data2\" content=\"\u062f\u0642\u064a\u0642\u062a\u0627\u0646\" \/>\n<script type=\"application\/ld+json\" class=\"yoast-schema-graph\">{\"@context\":\"https:\\\/\\\/schema.org\",\"@graph\":[{\"@type\":\"Article\",\"@id\":\"https:\\\/\\\/ophtalmofes.ma\\\/dr-bengebra-omar-ophtalmologue-fes\\\/#article\",\"isPartOf\":{\"@id\":\"https:\\\/\\\/ophtalmofes.ma\\\/dr-bengebra-omar-ophtalmologue-fes\\\/\"},\"author\":{\"name\":\"noussa\",\"@id\":\"https:\\\/\\\/ophtalmofes.ma\\\/#\\\/schema\\\/person\\\/209f9de68e2f115e5d149b2cbe57c765\"},\"headline\":\"Dr Bengebra Omar ophtalmologue F\u00e8s :\u062c\u0631\u0627\u062d\u0629 \u0627\u0644\u062c\u0644\u0627\u0644\u0629\",\"datePublished\":\"2026-02-06T15:11:17+00:00\",\"dateModified\":\"2026-02-06T15:13:04+00:00\",\"mainEntityOfPage\":{\"@id\":\"https:\\\/\\\/ophtalmofes.ma\\\/dr-bengebra-omar-ophtalmologue-fes\\\/\"},\"wordCount\":424,\"image\":{\"@id\":\"https:\\\/\\\/ophtalmofes.ma\\\/dr-bengebra-omar-ophtalmologue-fes\\\/#primaryimage\"},\"thumbnailUrl\":\"https:\\\/\\\/ophtalmofes.ma\\\/wp-content\\\/uploads\\\/2026\\\/02\\\/Ophtalmologue-a-fes-dr-bengebara-omar-7.png\",\"keywords\":[\"Chirurgie des yeux\",\"Clinique ophtalmologique\",\"Consultation ophtalmologique\",\"Examen de la vue\",\"M\u00e9decin des yeux\",\"M\u00e9decin sp\u00e9cialiste F\u00e8s\",\"Ophtalmologue F\u00e8s\",\"Sant\u00e9 oculaire\"],\"articleSection\":[\"Cataracte\",\"Chirurgie des yeux\",\"DMLA\",\"Laser ophtalmologique\",\"M\u00e9decin ophtalmologiste\",\"M\u00e9decin sp\u00e9cialiste F\u00e8s\",\"Myopie \\\/ Hyperm\u00e9tropie \\\/ Astigmatisme\",\"Ophtalmologue F\u00e8s\",\"Soins oculaires F\u00e8s\",\"Sp\u00e9cialiste des yeux \u00e0 F\u00e8s\",\"Sp\u00e9cialit\u00e9s\",\"Troubles de la vision\",\"Urgence ophtalmologique\",\"Urgences\"],\"inLanguage\":\"ar\"},{\"@type\":\"WebPage\",\"@id\":\"https:\\\/\\\/ophtalmofes.ma\\\/dr-bengebra-omar-ophtalmologue-fes\\\/\",\"url\":\"https:\\\/\\\/ophtalmofes.ma\\\/dr-bengebra-omar-ophtalmologue-fes\\\/\",\"name\":\"Dr Bengebra Omar ophtalmologue F\u00e8s :\u062c\u0631\u0627\u062d\u0629 \u0627\u0644\u062c\u0644\u0627\u0644\u0629 - Ophtalmologue Fes\",\"isPartOf\":{\"@id\":\"https:\\\/\\\/ophtalmofes.ma\\\/#website\"},\"primaryImageOfPage\":{\"@id\":\"https:\\\/\\\/ophtalmofes.ma\\\/dr-bengebra-omar-ophtalmologue-fes\\\/#primaryimage\"},\"image\":{\"@id\":\"https:\\\/\\\/ophtalmofes.ma\\\/dr-bengebra-omar-ophtalmologue-fes\\\/#primaryimage\"},\"thumbnailUrl\":\"https:\\\/\\\/ophtalmofes.ma\\\/wp-content\\\/uploads\\\/2026\\\/02\\\/Ophtalmologue-a-fes-dr-bengebara-omar-7.png\",\"datePublished\":\"2026-02-06T15:11:17+00:00\",\"dateModified\":\"2026-02-06T15:13:04+00:00\",\"author\":{\"@id\":\"https:\\\/\\\/ophtalmofes.ma\\\/#\\\/schema\\\/person\\\/209f9de68e2f115e5d149b2cbe57c765\"},\"description\":\"Dr Bengebra Omar ophtalmologue F\u00e8s au centre \u062c\u0631\u0627\u062d\u0629 \u0627\u0644\u062c\u0644\u0627\u0644\u0629, consultations, d\u00e9pistage et soins oculaires avec \u00e9quipements modernes.\",\"breadcrumb\":{\"@id\":\"https:\\\/\\\/ophtalmofes.ma\\\/dr-bengebra-omar-ophtalmologue-fes\\\/#breadcrumb\"},\"inLanguage\":\"ar\",\"potentialAction\":[{\"@type\":\"ReadAction\",\"target\":[\"https:\\\/\\\/ophtalmofes.ma\\\/dr-bengebra-omar-ophtalmologue-fes\\\/\"]}]},{\"@type\":\"ImageObject\",\"inLanguage\":\"ar\",\"@id\":\"https:\\\/\\\/ophtalmofes.ma\\\/dr-bengebra-omar-ophtalmologue-fes\\\/#primaryimage\",\"url\":\"https:\\\/\\\/ophtalmofes.ma\\\/wp-content\\\/uploads\\\/2026\\\/02\\\/Ophtalmologue-a-fes-dr-bengebara-omar-7.png\",\"contentUrl\":\"https:\\\/\\\/ophtalmofes.ma\\\/wp-content\\\/uploads\\\/2026\\\/02\\\/Ophtalmologue-a-fes-dr-bengebara-omar-7.png\",\"width\":400,\"height\":300,\"caption\":\"Dr Bengebra Omar ophtalmologue F\u00e8s consultation et examen de la vue centre \u062c\u0631\u0627\u062d\u0629 \u0627\u0644\u062c\u0644\u0627\u0644\u0629\"},{\"@type\":\"BreadcrumbList\",\"@id\":\"https:\\\/\\\/ophtalmofes.ma\\\/dr-bengebra-omar-ophtalmologue-fes\\\/#breadcrumb\",\"itemListElement\":[{\"@type\":\"ListItem\",\"position\":1,\"name\":\"Home\",\"item\":\"https:\\\/\\\/ophtalmofes.ma\\\/\"},{\"@type\":\"ListItem\",\"position\":2,\"name\":\"Dr Bengebra Omar ophtalmologue F\u00e8s :\u062c\u0631\u0627\u062d\u0629 \u0627\u0644\u062c\u0644\u0627\u0644\u0629\"}]},{\"@type\":\"WebSite\",\"@id\":\"https:\\\/\\\/ophtalmofes.ma\\\/#website\",\"url\":\"https:\\\/\\\/ophtalmofes.ma\\\/\",\"name\":\"Ophtalmologue Fes\",\"description\":\"\",\"potentialAction\":[{\"@type\":\"SearchAction\",\"target\":{\"@type\":\"EntryPoint\",\"urlTemplate\":\"https:\\\/\\\/ophtalmofes.ma\\\/?s={search_term_string}\"},\"query-input\":{\"@type\":\"PropertyValueSpecification\",\"valueRequired\":true,\"valueName\":\"search_term_string\"}}],\"inLanguage\":\"ar\"},{\"@type\":\"Person\",\"@id\":\"https:\\\/\\\/ophtalmofes.ma\\\/#\\\/schema\\\/person\\\/209f9de68e2f115e5d149b2cbe57c765\",\"name\":\"noussa\",\"image\":{\"@type\":\"ImageObject\",\"inLanguage\":\"ar\",\"@id\":\"https:\\\/\\\/ophtalmofes.ma\\\/wp-content\\\/litespeed\\\/avatar\\\/5857576812ee3d680a6088d530701051.jpg?ver=1776971591\",\"url\":\"https:\\\/\\\/ophtalmofes.ma\\\/wp-content\\\/litespeed\\\/avatar\\\/5857576812ee3d680a6088d530701051.jpg?ver=1776971591\",\"contentUrl\":\"https:\\\/\\\/ophtalmofes.ma\\\/wp-content\\\/litespeed\\\/avatar\\\/5857576812ee3d680a6088d530701051.jpg?ver=1776971591\",\"caption\":\"noussa\"},\"url\":\"https:\\\/\\\/ophtalmofes.ma\\\/ar\\\/author\\\/212tech\\\/\"}]}<\/script>\n<!-- \/ Yoast SEO plugin. -->","yoast_head_json":{"title":"Dr Bengebra Omar ophtalmologue F\u00e8s :\u062c\u0631\u0627\u062d\u0629 \u0627\u0644\u062c\u0644\u0627\u0644\u0629 - Ophtalmologue Fes","description":"Dr Bengebra Omar ophtalmologue F\u00e8s au centre \u062c\u0631\u0627\u062d\u0629 \u0627\u0644\u062c\u0644\u0627\u0644\u0629, consultations, d\u00e9pistage et soins oculaires avec \u00e9quipements modernes.","robots":{"index":"index","follow":"follow","max-snippet":"max-snippet:-1","max-image-preview":"max-image-preview:large","max-video-preview":"max-video-preview:-1"},"canonical":"https:\/\/ophtalmofes.ma\/ar\/dr-bengebra-omar-ophtalmologue-fes\/","og_locale":"ar_AR","og_type":"article","og_title":"Dr Bengebra Omar ophtalmologue F\u00e8s :\u062c\u0631\u0627\u062d\u0629 \u0627\u0644\u062c\u0644\u0627\u0644\u0629 - Ophtalmologue Fes","og_description":"Dr Bengebra Omar ophtalmologue F\u00e8s au centre \u062c\u0631\u0627\u062d\u0629 \u0627\u0644\u062c\u0644\u0627\u0644\u0629, consultations, d\u00e9pistage et soins oculaires avec \u00e9quipements modernes.","og_url":"https:\/\/ophtalmofes.ma\/ar\/dr-bengebra-omar-ophtalmologue-fes\/","og_site_name":"Ophtalmologue Fes","article_published_time":"2026-02-06T15:11:17+00:00","article_modified_time":"2026-02-06T15:13:04+00:00","og_image":[{"width":400,"height":300,"url":"https:\/\/ophtalmofes.ma\/wp-content\/uploads\/2026\/02\/Ophtalmologue-a-fes-dr-bengebara-omar-7.png","type":"image\/png"}],"author":"noussa","twitter_card":"summary_large_image","twitter_misc":{"\u0643\u064f\u062a\u0628 \u0628\u0648\u0627\u0633\u0637\u0629":"noussa","\u0648\u0642\u062a \u0627\u0644\u0642\u0631\u0627\u0621\u0629 \u0627\u0644\u0645\u064f\u0642\u062f\u0651\u0631":"\u062f\u0642\u064a\u0642\u062a\u0627\u0646"},"schema":{"@context":"https:\/\/schema.org","@graph":[{"@type":"Article","@id":"https:\/\/ophtalmofes.ma\/dr-bengebra-omar-ophtalmologue-fes\/#article","isPartOf":{"@id":"https:\/\/ophtalmofes.ma\/dr-bengebra-omar-ophtalmologue-fes\/"},"author":{"name":"noussa","@id":"https:\/\/ophtalmofes.ma\/#\/schema\/person\/209f9de68e2f115e5d149b2cbe57c765"},"headline":"Dr Bengebra Omar ophtalmologue F\u00e8s :\u062c\u0631\u0627\u062d\u0629 \u0627\u0644\u062c\u0644\u0627\u0644\u0629","datePublished":"2026-02-06T15:11:17+00:00","dateModified":"2026-02-06T15:13:04+00:00","mainEntityOfPage":{"@id":"https:\/\/ophtalmofes.ma\/dr-bengebra-omar-ophtalmologue-fes\/"},"wordCount":424,"image":{"@id":"https:\/\/ophtalmofes.ma\/dr-bengebra-omar-ophtalmologue-fes\/#primaryimage"},"thumbnailUrl":"https:\/\/ophtalmofes.ma\/wp-content\/uploads\/2026\/02\/Ophtalmologue-a-fes-dr-bengebara-omar-7.png","keywords":["Chirurgie des yeux","Clinique ophtalmologique","Consultation ophtalmologique","Examen de la vue","M\u00e9decin des yeux","M\u00e9decin sp\u00e9cialiste F\u00e8s","Ophtalmologue F\u00e8s","Sant\u00e9 oculaire"],"articleSection":["Cataracte","Chirurgie des yeux","DMLA","Laser ophtalmologique","M\u00e9decin ophtalmologiste","M\u00e9decin sp\u00e9cialiste F\u00e8s","Myopie \/ Hyperm\u00e9tropie \/ Astigmatisme","Ophtalmologue F\u00e8s","Soins oculaires F\u00e8s","Sp\u00e9cialiste des yeux \u00e0 F\u00e8s","Sp\u00e9cialit\u00e9s","Troubles de la vision","Urgence ophtalmologique","Urgences"],"inLanguage":"ar"},{"@type":"WebPage","@id":"https:\/\/ophtalmofes.ma\/dr-bengebra-omar-ophtalmologue-fes\/","url":"https:\/\/ophtalmofes.ma\/dr-bengebra-omar-ophtalmologue-fes\/","name":"Dr Bengebra Omar ophtalmologue F\u00e8s :\u062c\u0631\u0627\u062d\u0629 \u0627\u0644\u062c\u0644\u0627\u0644\u0629 - Ophtalmologue Fes","isPartOf":{"@id":"https:\/\/ophtalmofes.ma\/#website"},"primaryImageOfPage":{"@id":"https:\/\/ophtalmofes.ma\/dr-bengebra-omar-ophtalmologue-fes\/#primaryimage"},"image":{"@id":"https:\/\/ophtalmofes.ma\/dr-bengebra-omar-ophtalmologue-fes\/#primaryimage"},"thumbnailUrl":"https:\/\/ophtalmofes.ma\/wp-content\/uploads\/2026\/02\/Ophtalmologue-a-fes-dr-bengebara-omar-7.png","datePublished":"2026-02-06T15:11:17+00:00","dateModified":"2026-02-06T15:13:04+00:00","author":{"@id":"https:\/\/ophtalmofes.ma\/#\/schema\/person\/209f9de68e2f115e5d149b2cbe57c765"},"description":"Dr Bengebra Omar ophtalmologue F\u00e8s au centre \u062c\u0631\u0627\u062d\u0629 \u0627\u0644\u062c\u0644\u0627\u0644\u0629, consultations, d\u00e9pistage et soins oculaires avec \u00e9quipements modernes.","breadcrumb":{"@id":"https:\/\/ophtalmofes.ma\/dr-bengebra-omar-ophtalmologue-fes\/#breadcrumb"},"inLanguage":"ar","potentialAction":[{"@type":"ReadAction","target":["https:\/\/ophtalmofes.ma\/dr-bengebra-omar-ophtalmologue-fes\/"]}]},{"@type":"ImageObject","inLanguage":"ar","@id":"https:\/\/ophtalmofes.ma\/dr-bengebra-omar-ophtalmologue-fes\/#primaryimage","url":"https:\/\/ophtalmofes.ma\/wp-content\/uploads\/2026\/02\/Ophtalmologue-a-fes-dr-bengebara-omar-7.png","contentUrl":"https:\/\/ophtalmofes.ma\/wp-content\/uploads\/2026\/02\/Ophtalmologue-a-fes-dr-bengebara-omar-7.png","width":400,"height":300,"caption":"Dr Bengebra Omar ophtalmologue F\u00e8s consultation et examen de la vue centre \u062c\u0631\u0627\u062d\u0629 \u0627\u0644\u062c\u0644\u0627\u0644\u0629"},{"@type":"BreadcrumbList","@id":"https:\/\/ophtalmofes.ma\/dr-bengebra-omar-ophtalmologue-fes\/#breadcrumb","itemListElement":[{"@type":"ListItem","position":1,"name":"Home","item":"https:\/\/ophtalmofes.ma\/"},{"@type":"ListItem","position":2,"name":"Dr Bengebra Omar ophtalmologue F\u00e8s :\u062c\u0631\u0627\u062d\u0629 \u0627\u0644\u062c\u0644\u0627\u0644\u0629"}]},{"@type":"WebSite","@id":"https:\/\/ophtalmofes.ma\/#website","url":"https:\/\/ophtalmofes.ma\/","name":"Ophtalmologue Fes","description":"","potentialAction":[{"@type":"SearchAction","target":{"@type":"EntryPoint","urlTemplate":"https:\/\/ophtalmofes.ma\/?s={search_term_string}"},"query-input":{"@type":"PropertyValueSpecification","valueRequired":true,"valueName":"search_term_string"}}],"inLanguage":"ar"},{"@type":"Person","@id":"https:\/\/ophtalmofes.ma\/#\/schema\/person\/209f9de68e2f115e5d149b2cbe57c765","name":"noussa","image":{"@type":"ImageObject","inLanguage":"ar","@id":"https:\/\/ophtalmofes.ma\/wp-content\/litespeed\/avatar\/5857576812ee3d680a6088d530701051.jpg?ver=1776971591","url":"https:\/\/ophtalmofes.ma\/wp-content\/litespeed\/avatar\/5857576812ee3d680a6088d530701051.jpg?ver=1776971591","contentUrl":"https:\/\/ophtalmofes.ma\/wp-content\/litespeed\/avatar\/5857576812ee3d680a6088d530701051.jpg?ver=1776971591","caption":"noussa"},"url":"https:\/\/ophtalmofes.ma\/ar\/author\/212tech\/"}]}},"_links":{"self":[{"href":"https:\/\/ophtalmofes.ma\/ar\/wp-json\/wp\/v2\/posts\/8497","targetHints":{"allow":["GET"]}}],"collection":[{"href":"https:\/\/ophtalmofes.ma\/ar\/wp-json\/wp\/v2\/posts"}],"about":[{"href":"https:\/\/ophtalmofes.ma\/ar\/wp-json\/wp\/v2\/types\/post"}],"author":[{"embeddable":true,"href":"https:\/\/ophtalmofes.ma\/ar\/wp-json\/wp\/v2\/users\/3"}],"replies":[{"embeddable":true,"href":"https:\/\/ophtalmofes.ma\/ar\/wp-json\/wp\/v2\/comments?post=8497"}],"version-history":[{"count":3,"href":"https:\/\/ophtalmofes.ma\/ar\/wp-json\/wp\/v2\/posts\/8497\/revisions"}],"predecessor-version":[{"id":8501,"href":"https:\/\/ophtalmofes.ma\/ar\/wp-json\/wp\/v2\/posts\/8497\/revisions\/8501"}],"wp:featuredmedia":[{"embeddable":true,"href":"https:\/\/ophtalmofes.ma\/ar\/wp-json\/wp\/v2\/media\/8498"}],"wp:attachment":[{"href":"https:\/\/ophtalmofes.ma\/ar\/wp-json\/wp\/v2\/media?parent=8497"}],"wp:term":[{"taxonomy":"category","embeddable":true,"href":"https:\/\/ophtalmofes.ma\/ar\/wp-json\/wp\/v2\/categories?post=8497"},{"taxonomy":"post_tag","embeddable":true,"href":"https:\/\/ophtalmofes.ma\/ar\/wp-json\/wp\/v2\/tags?post=8497"}],"curies":[{"name":"wp","href":"https:\/\/api.w.org\/{rel}","templated":true}]}}