{"id":8516,"date":"2026-02-27T12:36:02","date_gmt":"2026-02-27T12:36:02","guid":{"rendered":"https:\/\/ophtalmofes.ma\/?p=8516"},"modified":"2026-02-27T12:36:02","modified_gmt":"2026-02-27T12:36:02","slug":"chirurgie-retine-fes-proteger-vision","status":"publish","type":"post","link":"https:\/\/ophtalmofes.ma\/ar\/chirurgie-retine-fes-proteger-vision\/","title":{"rendered":"Pourquoi envisager une chirurgie de la r\u00e9tine \u00e0 F\u00e8s ?"},"content":{"rendered":"<figure class=\"wp-block-gallery has-nested-images columns-default is-cropped wp-block-gallery-1 is-layout-flex wp-block-gallery-is-layout-flex\">\n<figure class=\"wp-block-image size-large\"><img fetchpriority=\"high\" decoding=\"async\" width=\"400\" height=\"300\" data-id=\"8517\" src=\"https:\/\/ophtalmofes.ma\/wp-content\/uploads\/2026\/02\/Ophtalmologue-a-fes-dr-bengebara-omar-13.png\" alt=\"\" class=\"wp-image-8517\" srcset=\"https:\/\/ophtalmofes.ma\/wp-content\/uploads\/2026\/02\/Ophtalmologue-a-fes-dr-bengebara-omar-13.png 400w, https:\/\/ophtalmofes.ma\/wp-content\/uploads\/2026\/02\/Ophtalmologue-a-fes-dr-bengebara-omar-13-300x225.png 300w, https:\/\/ophtalmofes.ma\/wp-content\/uploads\/2026\/02\/Ophtalmologue-a-fes-dr-bengebara-omar-13-16x12.png 16w\" sizes=\"(max-width: 400px) 100vw, 400px\" \/><\/figure>\n<\/figure>\n\n\n\n<h2 class=\"wp-block-heading\"><strong>Comprendre le r\u00f4le de la r\u00e9tine<\/strong><\/h2>\n\n\n\n<p><a href=\"https:\/\/ophtalmofes.ma\/ar\/\">Chirurgie de la r\u00e9tine \u00e0 F\u00e8s <\/a>: La r\u00e9tine joue un r\u00f4le central dans la vision. Elle capte la lumi\u00e8re et transmet les images au cerveau. Lorsqu\u2019elle pr\u00e9sente un probl\u00e8me, la vue peut diminuer rapidement. Pour cette raison, il faut prendre chaque sympt\u00f4me au s\u00e9rieux et consulter sans tarder.<\/p>\n\n\n\n<h2 class=\"wp-block-heading\"><strong>Quels signes doivent alerter ?<\/strong>Chirurgie de la r\u00e9tine \u00e0 F\u00e8s<\/h2>\n\n\n\n<p>Certains sympt\u00f4mes indiquent un trouble possible. Par exemple, des \u00e9clairs lumineux, des taches flottantes ou une zone sombre dans le champ visuel. Dans ces situations, une consultation rapide permet d\u2019\u00e9viter des complications. Plus l\u2019intervention se fait t\u00f4t, plus les chances de r\u00e9cup\u00e9ration augmentent.<\/p>\n\n\n\n<h2 class=\"wp-block-heading\"><strong>Quand la chirurgie devient n\u00e9cessaire<\/strong><\/h2>\n\n\n\n<p>Parfois, le traitement m\u00e9dical ne suffit pas. Le sp\u00e9cialiste peut alors recommander une intervention. Cette solution aide \u00e0 corriger des probl\u00e8mes comme un d\u00e9collement ou une l\u00e9sion interne. Gr\u00e2ce aux techniques actuelles, les proc\u00e9dures deviennent plus pr\u00e9cises et la r\u00e9cup\u00e9ration plus rapide.<\/p>\n\n\n\n<h3 class=\"wp-block-heading\"><strong>Comment se d\u00e9roule la prise en charge ?<\/strong><\/h3>\n\n\n\n<p>Le parcours commence toujours par un examen d\u00e9taill\u00e9. Ensuite, le professionnel explique clairement l\u2019\u00e9tat de l\u2019\u0153il et les options possibles. Le patient comprend ainsi chaque \u00e9tape. Cette approche rassure et facilite la d\u00e9cision.<\/p>\n\n\n\n<h3 class=\"wp-block-heading\"><strong>Conseils pour prot\u00e9ger sa r\u00e9tine au quotidien<\/strong><\/h3>\n\n\n\n<p>Adopter de bonnes habitudes aide aussi \u00e0 pr\u00e9server la sant\u00e9 oculaire. Il faut contr\u00f4ler r\u00e9guli\u00e8rement la vue, surtout en cas de diab\u00e8te ou d\u2019ant\u00e9c\u00e9dents. Une alimentation \u00e9quilibr\u00e9e et une protection contre la lumi\u00e8re intense soutiennent \u00e9galement la sant\u00e9 des yeux.<\/p>\n\n\n\n<h3 class=\"wp-block-heading\"><strong>\u00c0 retenir<\/strong> : Chirurgie de la r\u00e9tine \u00e0 F\u00e8s<\/h3>\n\n\n\n<p>La vision reste un \u00e9l\u00e9ment essentiel de la qualit\u00e9 de vie. Agir rapidement face aux sympt\u00f4mes permet d\u2019\u00e9viter des complications s\u00e9rieuses. Consulter un sp\u00e9cialiste qualifi\u00e9 demeure la meilleure d\u00e9marche pour obtenir un diagnostic fiable et un traitement adapt\u00e9.<\/p>\n\n\n\n<p><\/p>","protected":false},"excerpt":{"rendered":"<p>Comprendre le r\u00f4le de la r\u00e9tine Chirurgie de la r\u00e9tine \u00e0 F\u00e8s : La r\u00e9tine joue un r\u00f4le central dans la vision. Elle capte la lumi\u00e8re et transmet les images au cerveau. Lorsqu\u2019elle pr\u00e9sente un probl\u00e8me, la vue peut diminuer rapidement. Pour cette raison, il faut prendre chaque sympt\u00f4me au s\u00e9rieux et consulter sans tarder. [&hellip;]<\/p>","protected":false},"author":3,"featured_media":8517,"comment_status":"closed","ping_status":"open","sticky":false,"template":"","format":"standard","meta":{"_themeisle_gutenberg_block_has_review":false,"footnotes":""},"categories":[91,90,96,84,89,88,98,92,95,97,94,87,86,93,79],"tags":[105,101,104,106,102,99,100,103],"class_list":["post-8516","post","type-post","status-publish","format-standard","has-post-thumbnail","hentry","category-cataracte","category-chirurgie-des-yeux","category-dmla","category-guide-chirurgies","category-laser-ophtalmologique","category-medecin-ophtalmologiste","category-medecin-specialiste-fes","category-myopie-hypermetropie-astigmatisme","category-ophtalmologue-fes","category-soins-oculaires-fes","category-specialiste-des-yeux-a-fes","category-specialites","category-troubles-de-la-vision","category-urgence-ophtalmologique","category-urgences","tag-chirurgie-des-yeux","tag-clinique-ophtalmologique","tag-consultation-ophtalmologique","tag-examen-de-la-vue","tag-medecin-des-yeux","tag-medecin-specialiste-fes","tag-ophtalmologue-fes","tag-sante-oculaire"],"yoast_head":"<!-- This site is optimized with the Yoast SEO plugin v27.5 - https:\/\/yoast.com\/product\/yoast-seo-wordpress\/ -->\n<title>Pourquoi envisager une chirurgie de la r\u00e9tine \u00e0 F\u00e8s ? - Ophtalmologue Fes<\/title>\n<meta name=\"description\" content=\"La chirurgie de la r\u00e9tine \u00e0 F\u00e8s permet d\u2019intervenir rapidement en cas de sympt\u00f4mes afin de pr\u00e9server et prot\u00e9ger durablement votre vision.\" \/>\n<meta name=\"robots\" content=\"index, follow, max-snippet:-1, max-image-preview:large, max-video-preview:-1\" \/>\n<link rel=\"canonical\" href=\"https:\/\/ophtalmofes.ma\/ar\/chirurgie-retine-fes-proteger-vision\/\" \/>\n<meta property=\"og:locale\" content=\"ar_AR\" \/>\n<meta property=\"og:type\" content=\"article\" \/>\n<meta property=\"og:title\" content=\"Pourquoi envisager une chirurgie de la r\u00e9tine \u00e0 F\u00e8s ? - Ophtalmologue Fes\" \/>\n<meta property=\"og:description\" content=\"La chirurgie de la r\u00e9tine \u00e0 F\u00e8s permet d\u2019intervenir rapidement en cas de sympt\u00f4mes afin de pr\u00e9server et prot\u00e9ger durablement votre vision.\" \/>\n<meta property=\"og:url\" content=\"https:\/\/ophtalmofes.ma\/ar\/chirurgie-retine-fes-proteger-vision\/\" \/>\n<meta property=\"og:site_name\" content=\"Ophtalmologue Fes\" \/>\n<meta property=\"article:published_time\" content=\"2026-02-27T12:36:02+00:00\" \/>\n<meta property=\"og:image\" content=\"https:\/\/ophtalmofes.ma\/wp-content\/uploads\/2026\/02\/Ophtalmologue-a-fes-dr-bengebara-omar-13.png\" \/>\n\t<meta property=\"og:image:width\" content=\"400\" \/>\n\t<meta property=\"og:image:height\" content=\"300\" \/>\n\t<meta property=\"og:image:type\" content=\"image\/png\" \/>\n<meta name=\"author\" content=\"noussa\" \/>\n<meta name=\"twitter:card\" content=\"summary_large_image\" \/>\n<meta name=\"twitter:label1\" content=\"\u0643\u064f\u062a\u0628 \u0628\u0648\u0627\u0633\u0637\u0629\" \/>\n\t<meta name=\"twitter:data1\" content=\"noussa\" \/>\n\t<meta name=\"twitter:label2\" content=\"\u0648\u0642\u062a \u0627\u0644\u0642\u0631\u0627\u0621\u0629 \u0627\u0644\u0645\u064f\u0642\u062f\u0651\u0631\" \/>\n\t<meta name=\"twitter:data2\" content=\"\u062f\u0642\u064a\u0642\u062a\u0627\u0646\" \/>\n<script type=\"application\/ld+json\" class=\"yoast-schema-graph\">{\"@context\":\"https:\\\/\\\/schema.org\",\"@graph\":[{\"@type\":\"Article\",\"@id\":\"https:\\\/\\\/ophtalmofes.ma\\\/chirurgie-retine-fes-proteger-vision\\\/#article\",\"isPartOf\":{\"@id\":\"https:\\\/\\\/ophtalmofes.ma\\\/chirurgie-retine-fes-proteger-vision\\\/\"},\"author\":{\"name\":\"noussa\",\"@id\":\"https:\\\/\\\/ophtalmofes.ma\\\/#\\\/schema\\\/person\\\/209f9de68e2f115e5d149b2cbe57c765\"},\"headline\":\"Pourquoi envisager une chirurgie de la r\u00e9tine \u00e0 F\u00e8s ?\",\"datePublished\":\"2026-02-27T12:36:02+00:00\",\"mainEntityOfPage\":{\"@id\":\"https:\\\/\\\/ophtalmofes.ma\\\/chirurgie-retine-fes-proteger-vision\\\/\"},\"wordCount\":347,\"image\":{\"@id\":\"https:\\\/\\\/ophtalmofes.ma\\\/chirurgie-retine-fes-proteger-vision\\\/#primaryimage\"},\"thumbnailUrl\":\"https:\\\/\\\/ophtalmofes.ma\\\/wp-content\\\/uploads\\\/2026\\\/02\\\/Ophtalmologue-a-fes-dr-bengebara-omar-13.png\",\"keywords\":[\"Chirurgie des yeux\",\"Clinique ophtalmologique\",\"Consultation ophtalmologique\",\"Examen de la vue\",\"M\u00e9decin des yeux\",\"M\u00e9decin sp\u00e9cialiste F\u00e8s\",\"Ophtalmologue F\u00e8s\",\"Sant\u00e9 oculaire\"],\"articleSection\":[\"Cataracte\",\"Chirurgie des yeux\",\"DMLA\",\"Guide chirurgies\",\"Laser ophtalmologique\",\"M\u00e9decin ophtalmologiste\",\"M\u00e9decin sp\u00e9cialiste F\u00e8s\",\"Myopie \\\/ Hyperm\u00e9tropie \\\/ Astigmatisme\",\"Ophtalmologue F\u00e8s\",\"Soins oculaires F\u00e8s\",\"Sp\u00e9cialiste des yeux \u00e0 F\u00e8s\",\"Sp\u00e9cialit\u00e9s\",\"Troubles de la vision\",\"Urgence ophtalmologique\",\"Urgences\"],\"inLanguage\":\"ar\"},{\"@type\":\"WebPage\",\"@id\":\"https:\\\/\\\/ophtalmofes.ma\\\/chirurgie-retine-fes-proteger-vision\\\/\",\"url\":\"https:\\\/\\\/ophtalmofes.ma\\\/chirurgie-retine-fes-proteger-vision\\\/\",\"name\":\"Pourquoi envisager une chirurgie de la r\u00e9tine \u00e0 F\u00e8s ? - Ophtalmologue Fes\",\"isPartOf\":{\"@id\":\"https:\\\/\\\/ophtalmofes.ma\\\/#website\"},\"primaryImageOfPage\":{\"@id\":\"https:\\\/\\\/ophtalmofes.ma\\\/chirurgie-retine-fes-proteger-vision\\\/#primaryimage\"},\"image\":{\"@id\":\"https:\\\/\\\/ophtalmofes.ma\\\/chirurgie-retine-fes-proteger-vision\\\/#primaryimage\"},\"thumbnailUrl\":\"https:\\\/\\\/ophtalmofes.ma\\\/wp-content\\\/uploads\\\/2026\\\/02\\\/Ophtalmologue-a-fes-dr-bengebara-omar-13.png\",\"datePublished\":\"2026-02-27T12:36:02+00:00\",\"author\":{\"@id\":\"https:\\\/\\\/ophtalmofes.ma\\\/#\\\/schema\\\/person\\\/209f9de68e2f115e5d149b2cbe57c765\"},\"description\":\"La chirurgie de la r\u00e9tine \u00e0 F\u00e8s permet d\u2019intervenir rapidement en cas de sympt\u00f4mes afin de pr\u00e9server et prot\u00e9ger durablement votre vision.\",\"breadcrumb\":{\"@id\":\"https:\\\/\\\/ophtalmofes.ma\\\/chirurgie-retine-fes-proteger-vision\\\/#breadcrumb\"},\"inLanguage\":\"ar\",\"potentialAction\":[{\"@type\":\"ReadAction\",\"target\":[\"https:\\\/\\\/ophtalmofes.ma\\\/chirurgie-retine-fes-proteger-vision\\\/\"]}]},{\"@type\":\"ImageObject\",\"inLanguage\":\"ar\",\"@id\":\"https:\\\/\\\/ophtalmofes.ma\\\/chirurgie-retine-fes-proteger-vision\\\/#primaryimage\",\"url\":\"https:\\\/\\\/ophtalmofes.ma\\\/wp-content\\\/uploads\\\/2026\\\/02\\\/Ophtalmologue-a-fes-dr-bengebara-omar-13.png\",\"contentUrl\":\"https:\\\/\\\/ophtalmofes.ma\\\/wp-content\\\/uploads\\\/2026\\\/02\\\/Ophtalmologue-a-fes-dr-bengebara-omar-13.png\",\"width\":400,\"height\":300,\"caption\":\"Chirurgie de la r\u00e9tine \u00e0 F\u00e8s illustrant un soin ophtalmologique pr\u00e9cis pour prot\u00e9ger et am\u00e9liorer la vision.\"},{\"@type\":\"BreadcrumbList\",\"@id\":\"https:\\\/\\\/ophtalmofes.ma\\\/chirurgie-retine-fes-proteger-vision\\\/#breadcrumb\",\"itemListElement\":[{\"@type\":\"ListItem\",\"position\":1,\"name\":\"Home\",\"item\":\"https:\\\/\\\/ophtalmofes.ma\\\/\"},{\"@type\":\"ListItem\",\"position\":2,\"name\":\"Pourquoi envisager une chirurgie de la r\u00e9tine \u00e0 F\u00e8s ?\"}]},{\"@type\":\"WebSite\",\"@id\":\"https:\\\/\\\/ophtalmofes.ma\\\/#website\",\"url\":\"https:\\\/\\\/ophtalmofes.ma\\\/\",\"name\":\"Ophtalmologue Fes\",\"description\":\"\",\"potentialAction\":[{\"@type\":\"SearchAction\",\"target\":{\"@type\":\"EntryPoint\",\"urlTemplate\":\"https:\\\/\\\/ophtalmofes.ma\\\/?s={search_term_string}\"},\"query-input\":{\"@type\":\"PropertyValueSpecification\",\"valueRequired\":true,\"valueName\":\"search_term_string\"}}],\"inLanguage\":\"ar\"},{\"@type\":\"Person\",\"@id\":\"https:\\\/\\\/ophtalmofes.ma\\\/#\\\/schema\\\/person\\\/209f9de68e2f115e5d149b2cbe57c765\",\"name\":\"noussa\",\"image\":{\"@type\":\"ImageObject\",\"inLanguage\":\"ar\",\"@id\":\"https:\\\/\\\/ophtalmofes.ma\\\/wp-content\\\/litespeed\\\/avatar\\\/5857576812ee3d680a6088d530701051.jpg?ver=1776971591\",\"url\":\"https:\\\/\\\/ophtalmofes.ma\\\/wp-content\\\/litespeed\\\/avatar\\\/5857576812ee3d680a6088d530701051.jpg?ver=1776971591\",\"contentUrl\":\"https:\\\/\\\/ophtalmofes.ma\\\/wp-content\\\/litespeed\\\/avatar\\\/5857576812ee3d680a6088d530701051.jpg?ver=1776971591\",\"caption\":\"noussa\"},\"url\":\"https:\\\/\\\/ophtalmofes.ma\\\/ar\\\/author\\\/212tech\\\/\"}]}<\/script>\n<!-- \/ Yoast SEO plugin. -->","yoast_head_json":{"title":"Pourquoi envisager une chirurgie de la r\u00e9tine \u00e0 F\u00e8s ? - Ophtalmologue Fes","description":"La chirurgie de la r\u00e9tine \u00e0 F\u00e8s permet d\u2019intervenir rapidement en cas de sympt\u00f4mes afin de pr\u00e9server et prot\u00e9ger durablement votre vision.","robots":{"index":"index","follow":"follow","max-snippet":"max-snippet:-1","max-image-preview":"max-image-preview:large","max-video-preview":"max-video-preview:-1"},"canonical":"https:\/\/ophtalmofes.ma\/ar\/chirurgie-retine-fes-proteger-vision\/","og_locale":"ar_AR","og_type":"article","og_title":"Pourquoi envisager une chirurgie de la r\u00e9tine \u00e0 F\u00e8s ? - Ophtalmologue Fes","og_description":"La chirurgie de la r\u00e9tine \u00e0 F\u00e8s permet d\u2019intervenir rapidement en cas de sympt\u00f4mes afin de pr\u00e9server et prot\u00e9ger durablement votre vision.","og_url":"https:\/\/ophtalmofes.ma\/ar\/chirurgie-retine-fes-proteger-vision\/","og_site_name":"Ophtalmologue Fes","article_published_time":"2026-02-27T12:36:02+00:00","og_image":[{"width":400,"height":300,"url":"https:\/\/ophtalmofes.ma\/wp-content\/uploads\/2026\/02\/Ophtalmologue-a-fes-dr-bengebara-omar-13.png","type":"image\/png"}],"author":"noussa","twitter_card":"summary_large_image","twitter_misc":{"\u0643\u064f\u062a\u0628 \u0628\u0648\u0627\u0633\u0637\u0629":"noussa","\u0648\u0642\u062a \u0627\u0644\u0642\u0631\u0627\u0621\u0629 \u0627\u0644\u0645\u064f\u0642\u062f\u0651\u0631":"\u062f\u0642\u064a\u0642\u062a\u0627\u0646"},"schema":{"@context":"https:\/\/schema.org","@graph":[{"@type":"Article","@id":"https:\/\/ophtalmofes.ma\/chirurgie-retine-fes-proteger-vision\/#article","isPartOf":{"@id":"https:\/\/ophtalmofes.ma\/chirurgie-retine-fes-proteger-vision\/"},"author":{"name":"noussa","@id":"https:\/\/ophtalmofes.ma\/#\/schema\/person\/209f9de68e2f115e5d149b2cbe57c765"},"headline":"Pourquoi envisager une chirurgie de la r\u00e9tine \u00e0 F\u00e8s ?","datePublished":"2026-02-27T12:36:02+00:00","mainEntityOfPage":{"@id":"https:\/\/ophtalmofes.ma\/chirurgie-retine-fes-proteger-vision\/"},"wordCount":347,"image":{"@id":"https:\/\/ophtalmofes.ma\/chirurgie-retine-fes-proteger-vision\/#primaryimage"},"thumbnailUrl":"https:\/\/ophtalmofes.ma\/wp-content\/uploads\/2026\/02\/Ophtalmologue-a-fes-dr-bengebara-omar-13.png","keywords":["Chirurgie des yeux","Clinique ophtalmologique","Consultation ophtalmologique","Examen de la vue","M\u00e9decin des yeux","M\u00e9decin sp\u00e9cialiste F\u00e8s","Ophtalmologue F\u00e8s","Sant\u00e9 oculaire"],"articleSection":["Cataracte","Chirurgie des yeux","DMLA","Guide chirurgies","Laser ophtalmologique","M\u00e9decin ophtalmologiste","M\u00e9decin sp\u00e9cialiste F\u00e8s","Myopie \/ Hyperm\u00e9tropie \/ Astigmatisme","Ophtalmologue F\u00e8s","Soins oculaires F\u00e8s","Sp\u00e9cialiste des yeux \u00e0 F\u00e8s","Sp\u00e9cialit\u00e9s","Troubles de la vision","Urgence ophtalmologique","Urgences"],"inLanguage":"ar"},{"@type":"WebPage","@id":"https:\/\/ophtalmofes.ma\/chirurgie-retine-fes-proteger-vision\/","url":"https:\/\/ophtalmofes.ma\/chirurgie-retine-fes-proteger-vision\/","name":"Pourquoi envisager une chirurgie de la r\u00e9tine \u00e0 F\u00e8s ? - Ophtalmologue Fes","isPartOf":{"@id":"https:\/\/ophtalmofes.ma\/#website"},"primaryImageOfPage":{"@id":"https:\/\/ophtalmofes.ma\/chirurgie-retine-fes-proteger-vision\/#primaryimage"},"image":{"@id":"https:\/\/ophtalmofes.ma\/chirurgie-retine-fes-proteger-vision\/#primaryimage"},"thumbnailUrl":"https:\/\/ophtalmofes.ma\/wp-content\/uploads\/2026\/02\/Ophtalmologue-a-fes-dr-bengebara-omar-13.png","datePublished":"2026-02-27T12:36:02+00:00","author":{"@id":"https:\/\/ophtalmofes.ma\/#\/schema\/person\/209f9de68e2f115e5d149b2cbe57c765"},"description":"La chirurgie de la r\u00e9tine \u00e0 F\u00e8s permet d\u2019intervenir rapidement en cas de sympt\u00f4mes afin de pr\u00e9server et prot\u00e9ger durablement votre vision.","breadcrumb":{"@id":"https:\/\/ophtalmofes.ma\/chirurgie-retine-fes-proteger-vision\/#breadcrumb"},"inLanguage":"ar","potentialAction":[{"@type":"ReadAction","target":["https:\/\/ophtalmofes.ma\/chirurgie-retine-fes-proteger-vision\/"]}]},{"@type":"ImageObject","inLanguage":"ar","@id":"https:\/\/ophtalmofes.ma\/chirurgie-retine-fes-proteger-vision\/#primaryimage","url":"https:\/\/ophtalmofes.ma\/wp-content\/uploads\/2026\/02\/Ophtalmologue-a-fes-dr-bengebara-omar-13.png","contentUrl":"https:\/\/ophtalmofes.ma\/wp-content\/uploads\/2026\/02\/Ophtalmologue-a-fes-dr-bengebara-omar-13.png","width":400,"height":300,"caption":"Chirurgie de la r\u00e9tine \u00e0 F\u00e8s illustrant un soin ophtalmologique pr\u00e9cis pour prot\u00e9ger et am\u00e9liorer la vision."},{"@type":"BreadcrumbList","@id":"https:\/\/ophtalmofes.ma\/chirurgie-retine-fes-proteger-vision\/#breadcrumb","itemListElement":[{"@type":"ListItem","position":1,"name":"Home","item":"https:\/\/ophtalmofes.ma\/"},{"@type":"ListItem","position":2,"name":"Pourquoi envisager une chirurgie de la r\u00e9tine \u00e0 F\u00e8s ?"}]},{"@type":"WebSite","@id":"https:\/\/ophtalmofes.ma\/#website","url":"https:\/\/ophtalmofes.ma\/","name":"Ophtalmologue Fes","description":"","potentialAction":[{"@type":"SearchAction","target":{"@type":"EntryPoint","urlTemplate":"https:\/\/ophtalmofes.ma\/?s={search_term_string}"},"query-input":{"@type":"PropertyValueSpecification","valueRequired":true,"valueName":"search_term_string"}}],"inLanguage":"ar"},{"@type":"Person","@id":"https:\/\/ophtalmofes.ma\/#\/schema\/person\/209f9de68e2f115e5d149b2cbe57c765","name":"noussa","image":{"@type":"ImageObject","inLanguage":"ar","@id":"https:\/\/ophtalmofes.ma\/wp-content\/litespeed\/avatar\/5857576812ee3d680a6088d530701051.jpg?ver=1776971591","url":"https:\/\/ophtalmofes.ma\/wp-content\/litespeed\/avatar\/5857576812ee3d680a6088d530701051.jpg?ver=1776971591","contentUrl":"https:\/\/ophtalmofes.ma\/wp-content\/litespeed\/avatar\/5857576812ee3d680a6088d530701051.jpg?ver=1776971591","caption":"noussa"},"url":"https:\/\/ophtalmofes.ma\/ar\/author\/212tech\/"}]}},"_links":{"self":[{"href":"https:\/\/ophtalmofes.ma\/ar\/wp-json\/wp\/v2\/posts\/8516","targetHints":{"allow":["GET"]}}],"collection":[{"href":"https:\/\/ophtalmofes.ma\/ar\/wp-json\/wp\/v2\/posts"}],"about":[{"href":"https:\/\/ophtalmofes.ma\/ar\/wp-json\/wp\/v2\/types\/post"}],"author":[{"embeddable":true,"href":"https:\/\/ophtalmofes.ma\/ar\/wp-json\/wp\/v2\/users\/3"}],"replies":[{"embeddable":true,"href":"https:\/\/ophtalmofes.ma\/ar\/wp-json\/wp\/v2\/comments?post=8516"}],"version-history":[{"count":4,"href":"https:\/\/ophtalmofes.ma\/ar\/wp-json\/wp\/v2\/posts\/8516\/revisions"}],"predecessor-version":[{"id":8521,"href":"https:\/\/ophtalmofes.ma\/ar\/wp-json\/wp\/v2\/posts\/8516\/revisions\/8521"}],"wp:featuredmedia":[{"embeddable":true,"href":"https:\/\/ophtalmofes.ma\/ar\/wp-json\/wp\/v2\/media\/8517"}],"wp:attachment":[{"href":"https:\/\/ophtalmofes.ma\/ar\/wp-json\/wp\/v2\/media?parent=8516"}],"wp:term":[{"taxonomy":"category","embeddable":true,"href":"https:\/\/ophtalmofes.ma\/ar\/wp-json\/wp\/v2\/categories?post=8516"},{"taxonomy":"post_tag","embeddable":true,"href":"https:\/\/ophtalmofes.ma\/ar\/wp-json\/wp\/v2\/tags?post=8516"}],"curies":[{"name":"wp","href":"https:\/\/api.w.org\/{rel}","templated":true}]}}