{"id":8532,"date":"2026-03-18T00:38:18","date_gmt":"2026-03-18T00:38:18","guid":{"rendered":"https:\/\/ophtalmofes.ma\/?p=8532"},"modified":"2026-03-18T00:41:27","modified_gmt":"2026-03-18T00:41:27","slug":"ophtalmologue-fes-signes-decollement-retine","status":"publish","type":"post","link":"https:\/\/ophtalmofes.ma\/ar\/ophtalmologue-fes-signes-decollement-retine\/","title":{"rendered":"Quels sont les premiers signes du d\u00e9collement de la r\u00e9tine ?"},"content":{"rendered":"<figure class=\"wp-block-gallery has-nested-images columns-default is-cropped wp-block-gallery-1 is-layout-flex wp-block-gallery-is-layout-flex\">\n<figure class=\"wp-block-image size-large\"><img fetchpriority=\"high\" decoding=\"async\" width=\"400\" height=\"300\" data-id=\"8533\" src=\"https:\/\/ophtalmofes.ma\/wp-content\/uploads\/2026\/03\/Ophtalmologue-a-fes-dr-bengebara-omar-17.png\" alt=\"\" class=\"wp-image-8533\" srcset=\"https:\/\/ophtalmofes.ma\/wp-content\/uploads\/2026\/03\/Ophtalmologue-a-fes-dr-bengebara-omar-17.png 400w, https:\/\/ophtalmofes.ma\/wp-content\/uploads\/2026\/03\/Ophtalmologue-a-fes-dr-bengebara-omar-17-300x225.png 300w, https:\/\/ophtalmofes.ma\/wp-content\/uploads\/2026\/03\/Ophtalmologue-a-fes-dr-bengebara-omar-17-16x12.png 16w\" sizes=\"(max-width: 400px) 100vw, 400px\" \/><\/figure>\n<\/figure>\n\n\n\n<h2 class=\"wp-block-heading\">Comprendre le d\u00e9collement de la r\u00e9tine \u2013 Ophtalmologue \u00e0 F\u00e8s<\/h2>\n\n\n\n<p>Le d\u00e9collement de la r\u00e9tine reste une urgence oculaire qui peut entra\u00eener une perte de vision si l\u2019on tarde \u00e0 agir. Cette pathologie survient lorsque la r\u00e9tine se s\u00e9pare de la paroi de l\u2019\u0153il. Par cons\u00e9quent, la vision devient rapidement floue ou alt\u00e9r\u00e9e. Il est donc essentiel de conna\u00eetre les premiers signes afin de r\u00e9agir \u00e0 temps.<\/p>\n\n\n\n<h2 class=\"wp-block-heading\">Les sympt\u00f4mes \u00e0 ne pas ignorer<\/h2>\n\n\n\n<p>Plusieurs signes doivent alerter. Tout d\u2019abord, des flashes lumineux apparaissent soudainement, surtout dans l\u2019obscurit\u00e9. Ensuite, vous pouvez remarquer des corps flottants, comme des petits points ou fils qui bougent dans votre champ de vision. De plus, une sensation de voile ou d\u2019ombre peut couvrir une partie de l\u2019\u0153il. Dans certains cas, la vision baisse brusquement ou les images deviennent d\u00e9form\u00e9es. Ainsi, chaque changement visuel inhabituel m\u00e9rite une attention imm\u00e9diate.<\/p>\n\n\n\n<h2 class=\"wp-block-heading\">Pourquoi consulter rapidement un sp\u00e9cialiste<\/h2>\n\n\n\n<p>D\u00e8s l\u2019apparition des premiers sympt\u00f4mes, il faut consulter sans attendre. En effet, un diagnostic pr\u00e9coce augmente fortement les chances de pr\u00e9server la vision. Le sp\u00e9cialiste r\u00e9alise un examen complet pour confirmer la situation. Ensuite, il propose un traitement adapt\u00e9 selon le stade du d\u00e9collement. Plus l\u2019intervention est rapide, plus les r\u00e9sultats sont efficaces.<\/p>\n\n\n\n<h3 class=\"wp-block-heading\">Pr\u00e9server sa vision au quotidien :  Ophtalmologue \u00e0 F\u00e8s<\/h3>\n\n\n\n<p>Adopter un suivi r\u00e9gulier permet de r\u00e9duire les risques. Par exemple, les personnes ayant une forte myopie ou des ant\u00e9c\u00e9dents oculaires doivent rester vigilantes. De plus, consulter r\u00e9guli\u00e8rement aide \u00e0 d\u00e9tecter les anomalies avant qu\u2019elles ne s\u2019aggravent. Ainsi, la pr\u00e9vention joue un r\u00f4le cl\u00e9 dans la sant\u00e9 des yeux.<\/p>\n\n\n\n<p>Pour toute inqui\u00e9tude concernant votre vue, n\u2019h\u00e9sitez pas \u00e0 prendre rendez-vous avec Ophtalmologue \u00e0 F\u00e8s : Dr Bengebara Omar. Nos consultations permettent de d\u00e9tecter rapidement les probl\u00e8mes et de prot\u00e9ger efficacement votre vision. Contactez-nous d\u00e8s aujourd\u2019hui pour un bilan complet.<\/p>\n\n\n\n<p><\/p>","protected":false},"excerpt":{"rendered":"<p>Comprendre le d\u00e9collement de la r\u00e9tine \u2013 Ophtalmologue \u00e0 F\u00e8s Le d\u00e9collement de la r\u00e9tine reste une urgence oculaire qui peut entra\u00eener une perte de vision si l\u2019on tarde \u00e0 agir. Cette pathologie survient lorsque la r\u00e9tine se s\u00e9pare de la paroi de l\u2019\u0153il. Par cons\u00e9quent, la vision devient rapidement floue ou alt\u00e9r\u00e9e. Il est [&hellip;]<\/p>","protected":false},"author":3,"featured_media":8533,"comment_status":"closed","ping_status":"open","sticky":false,"template":"","format":"standard","meta":{"_themeisle_gutenberg_block_has_review":false,"footnotes":""},"categories":[91,90,96,84,89,88,98,92,95,97,94,87,86,93,79],"tags":[105,101,104,106,102,99,100,103],"class_list":["post-8532","post","type-post","status-publish","format-standard","has-post-thumbnail","hentry","category-cataracte","category-chirurgie-des-yeux","category-dmla","category-guide-chirurgies","category-laser-ophtalmologique","category-medecin-ophtalmologiste","category-medecin-specialiste-fes","category-myopie-hypermetropie-astigmatisme","category-ophtalmologue-fes","category-soins-oculaires-fes","category-specialiste-des-yeux-a-fes","category-specialites","category-troubles-de-la-vision","category-urgence-ophtalmologique","category-urgences","tag-chirurgie-des-yeux","tag-clinique-ophtalmologique","tag-consultation-ophtalmologique","tag-examen-de-la-vue","tag-medecin-des-yeux","tag-medecin-specialiste-fes","tag-ophtalmologue-fes","tag-sante-oculaire"],"yoast_head":"<!-- This site is optimized with the Yoast SEO plugin v27.5 - https:\/\/yoast.com\/product\/yoast-seo-wordpress\/ -->\n<title>Quels sont les premiers signes du d\u00e9collement de la r\u00e9tine ? - Ophtalmologue Fes<\/title>\n<meta name=\"description\" content=\"Signes du d\u00e9collement de la r\u00e9tine \u00e0 F\u00e8s : sympt\u00f4mes, pr\u00e9vention et prise en charge pour prot\u00e9ger votre vision.\" \/>\n<meta name=\"robots\" content=\"index, follow, max-snippet:-1, max-image-preview:large, max-video-preview:-1\" \/>\n<link rel=\"canonical\" href=\"https:\/\/ophtalmofes.ma\/ar\/ophtalmologue-fes-signes-decollement-retine\/\" \/>\n<meta property=\"og:locale\" content=\"ar_AR\" \/>\n<meta property=\"og:type\" content=\"article\" \/>\n<meta property=\"og:title\" content=\"Quels sont les premiers signes du d\u00e9collement de la r\u00e9tine ? - Ophtalmologue Fes\" \/>\n<meta property=\"og:description\" content=\"Signes du d\u00e9collement de la r\u00e9tine \u00e0 F\u00e8s : sympt\u00f4mes, pr\u00e9vention et prise en charge pour prot\u00e9ger votre vision.\" \/>\n<meta property=\"og:url\" content=\"https:\/\/ophtalmofes.ma\/ar\/ophtalmologue-fes-signes-decollement-retine\/\" \/>\n<meta property=\"og:site_name\" content=\"Ophtalmologue Fes\" \/>\n<meta property=\"article:published_time\" content=\"2026-03-18T00:38:18+00:00\" \/>\n<meta property=\"article:modified_time\" content=\"2026-03-18T00:41:27+00:00\" \/>\n<meta property=\"og:image\" content=\"https:\/\/ophtalmofes.ma\/wp-content\/uploads\/2026\/03\/Ophtalmologue-a-fes-dr-bengebara-omar-17.png\" \/>\n\t<meta property=\"og:image:width\" content=\"400\" \/>\n\t<meta property=\"og:image:height\" content=\"300\" \/>\n\t<meta property=\"og:image:type\" content=\"image\/png\" \/>\n<meta name=\"author\" content=\"noussa\" \/>\n<meta name=\"twitter:card\" content=\"summary_large_image\" \/>\n<meta name=\"twitter:label1\" content=\"\u0643\u064f\u062a\u0628 \u0628\u0648\u0627\u0633\u0637\u0629\" \/>\n\t<meta name=\"twitter:data1\" content=\"noussa\" \/>\n\t<meta name=\"twitter:label2\" content=\"\u0648\u0642\u062a \u0627\u0644\u0642\u0631\u0627\u0621\u0629 \u0627\u0644\u0645\u064f\u0642\u062f\u0651\u0631\" \/>\n\t<meta name=\"twitter:data2\" content=\"\u062f\u0642\u064a\u0642\u062a\u0627\u0646\" \/>\n<script type=\"application\/ld+json\" class=\"yoast-schema-graph\">{\"@context\":\"https:\\\/\\\/schema.org\",\"@graph\":[{\"@type\":\"Article\",\"@id\":\"https:\\\/\\\/ophtalmofes.ma\\\/ophtalmologue-fes-signes-decollement-retine\\\/#article\",\"isPartOf\":{\"@id\":\"https:\\\/\\\/ophtalmofes.ma\\\/ophtalmologue-fes-signes-decollement-retine\\\/\"},\"author\":{\"name\":\"noussa\",\"@id\":\"https:\\\/\\\/ophtalmofes.ma\\\/#\\\/schema\\\/person\\\/209f9de68e2f115e5d149b2cbe57c765\"},\"headline\":\"Quels sont les premiers signes du d\u00e9collement de la r\u00e9tine ?\",\"datePublished\":\"2026-03-18T00:38:18+00:00\",\"dateModified\":\"2026-03-18T00:41:27+00:00\",\"mainEntityOfPage\":{\"@id\":\"https:\\\/\\\/ophtalmofes.ma\\\/ophtalmologue-fes-signes-decollement-retine\\\/\"},\"wordCount\":356,\"image\":{\"@id\":\"https:\\\/\\\/ophtalmofes.ma\\\/ophtalmologue-fes-signes-decollement-retine\\\/#primaryimage\"},\"thumbnailUrl\":\"https:\\\/\\\/ophtalmofes.ma\\\/wp-content\\\/uploads\\\/2026\\\/03\\\/Ophtalmologue-a-fes-dr-bengebara-omar-17.png\",\"keywords\":[\"Chirurgie des yeux\",\"Clinique ophtalmologique\",\"Consultation ophtalmologique\",\"Examen de la vue\",\"M\u00e9decin des yeux\",\"M\u00e9decin sp\u00e9cialiste F\u00e8s\",\"Ophtalmologue F\u00e8s\",\"Sant\u00e9 oculaire\"],\"articleSection\":[\"Cataracte\",\"Chirurgie des yeux\",\"DMLA\",\"Guide chirurgies\",\"Laser ophtalmologique\",\"M\u00e9decin ophtalmologiste\",\"M\u00e9decin sp\u00e9cialiste F\u00e8s\",\"Myopie \\\/ Hyperm\u00e9tropie \\\/ Astigmatisme\",\"Ophtalmologue F\u00e8s\",\"Soins oculaires F\u00e8s\",\"Sp\u00e9cialiste des yeux \u00e0 F\u00e8s\",\"Sp\u00e9cialit\u00e9s\",\"Troubles de la vision\",\"Urgence ophtalmologique\",\"Urgences\"],\"inLanguage\":\"ar\"},{\"@type\":\"WebPage\",\"@id\":\"https:\\\/\\\/ophtalmofes.ma\\\/ophtalmologue-fes-signes-decollement-retine\\\/\",\"url\":\"https:\\\/\\\/ophtalmofes.ma\\\/ophtalmologue-fes-signes-decollement-retine\\\/\",\"name\":\"Quels sont les premiers signes du d\u00e9collement de la r\u00e9tine ? - Ophtalmologue Fes\",\"isPartOf\":{\"@id\":\"https:\\\/\\\/ophtalmofes.ma\\\/#website\"},\"primaryImageOfPage\":{\"@id\":\"https:\\\/\\\/ophtalmofes.ma\\\/ophtalmologue-fes-signes-decollement-retine\\\/#primaryimage\"},\"image\":{\"@id\":\"https:\\\/\\\/ophtalmofes.ma\\\/ophtalmologue-fes-signes-decollement-retine\\\/#primaryimage\"},\"thumbnailUrl\":\"https:\\\/\\\/ophtalmofes.ma\\\/wp-content\\\/uploads\\\/2026\\\/03\\\/Ophtalmologue-a-fes-dr-bengebara-omar-17.png\",\"datePublished\":\"2026-03-18T00:38:18+00:00\",\"dateModified\":\"2026-03-18T00:41:27+00:00\",\"author\":{\"@id\":\"https:\\\/\\\/ophtalmofes.ma\\\/#\\\/schema\\\/person\\\/209f9de68e2f115e5d149b2cbe57c765\"},\"description\":\"Signes du d\u00e9collement de la r\u00e9tine \u00e0 F\u00e8s : sympt\u00f4mes, pr\u00e9vention et prise en charge pour prot\u00e9ger votre vision.\",\"breadcrumb\":{\"@id\":\"https:\\\/\\\/ophtalmofes.ma\\\/ophtalmologue-fes-signes-decollement-retine\\\/#breadcrumb\"},\"inLanguage\":\"ar\",\"potentialAction\":[{\"@type\":\"ReadAction\",\"target\":[\"https:\\\/\\\/ophtalmofes.ma\\\/ophtalmologue-fes-signes-decollement-retine\\\/\"]}]},{\"@type\":\"ImageObject\",\"inLanguage\":\"ar\",\"@id\":\"https:\\\/\\\/ophtalmofes.ma\\\/ophtalmologue-fes-signes-decollement-retine\\\/#primaryimage\",\"url\":\"https:\\\/\\\/ophtalmofes.ma\\\/wp-content\\\/uploads\\\/2026\\\/03\\\/Ophtalmologue-a-fes-dr-bengebara-omar-17.png\",\"contentUrl\":\"https:\\\/\\\/ophtalmofes.ma\\\/wp-content\\\/uploads\\\/2026\\\/03\\\/Ophtalmologue-a-fes-dr-bengebara-omar-17.png\",\"width\":400,\"height\":300,\"caption\":\"Ophtalmologue \u00e0 F\u00e8s \u2013 signes du d\u00e9collement de la r\u00e9tine\"},{\"@type\":\"BreadcrumbList\",\"@id\":\"https:\\\/\\\/ophtalmofes.ma\\\/ophtalmologue-fes-signes-decollement-retine\\\/#breadcrumb\",\"itemListElement\":[{\"@type\":\"ListItem\",\"position\":1,\"name\":\"Home\",\"item\":\"https:\\\/\\\/ophtalmofes.ma\\\/\"},{\"@type\":\"ListItem\",\"position\":2,\"name\":\"Quels sont les premiers signes du d\u00e9collement de la r\u00e9tine ?\"}]},{\"@type\":\"WebSite\",\"@id\":\"https:\\\/\\\/ophtalmofes.ma\\\/#website\",\"url\":\"https:\\\/\\\/ophtalmofes.ma\\\/\",\"name\":\"Ophtalmologue Fes\",\"description\":\"\",\"potentialAction\":[{\"@type\":\"SearchAction\",\"target\":{\"@type\":\"EntryPoint\",\"urlTemplate\":\"https:\\\/\\\/ophtalmofes.ma\\\/?s={search_term_string}\"},\"query-input\":{\"@type\":\"PropertyValueSpecification\",\"valueRequired\":true,\"valueName\":\"search_term_string\"}}],\"inLanguage\":\"ar\"},{\"@type\":\"Person\",\"@id\":\"https:\\\/\\\/ophtalmofes.ma\\\/#\\\/schema\\\/person\\\/209f9de68e2f115e5d149b2cbe57c765\",\"name\":\"noussa\",\"image\":{\"@type\":\"ImageObject\",\"inLanguage\":\"ar\",\"@id\":\"https:\\\/\\\/ophtalmofes.ma\\\/wp-content\\\/litespeed\\\/avatar\\\/5857576812ee3d680a6088d530701051.jpg?ver=1777576407\",\"url\":\"https:\\\/\\\/ophtalmofes.ma\\\/wp-content\\\/litespeed\\\/avatar\\\/5857576812ee3d680a6088d530701051.jpg?ver=1777576407\",\"contentUrl\":\"https:\\\/\\\/ophtalmofes.ma\\\/wp-content\\\/litespeed\\\/avatar\\\/5857576812ee3d680a6088d530701051.jpg?ver=1777576407\",\"caption\":\"noussa\"},\"url\":\"https:\\\/\\\/ophtalmofes.ma\\\/ar\\\/author\\\/212tech\\\/\"}]}<\/script>\n<!-- \/ Yoast SEO plugin. -->","yoast_head_json":{"title":"Quels sont les premiers signes du d\u00e9collement de la r\u00e9tine ? - Ophtalmologue Fes","description":"Signes du d\u00e9collement de la r\u00e9tine \u00e0 F\u00e8s : sympt\u00f4mes, pr\u00e9vention et prise en charge pour prot\u00e9ger votre vision.","robots":{"index":"index","follow":"follow","max-snippet":"max-snippet:-1","max-image-preview":"max-image-preview:large","max-video-preview":"max-video-preview:-1"},"canonical":"https:\/\/ophtalmofes.ma\/ar\/ophtalmologue-fes-signes-decollement-retine\/","og_locale":"ar_AR","og_type":"article","og_title":"Quels sont les premiers signes du d\u00e9collement de la r\u00e9tine ? - Ophtalmologue Fes","og_description":"Signes du d\u00e9collement de la r\u00e9tine \u00e0 F\u00e8s : sympt\u00f4mes, pr\u00e9vention et prise en charge pour prot\u00e9ger votre vision.","og_url":"https:\/\/ophtalmofes.ma\/ar\/ophtalmologue-fes-signes-decollement-retine\/","og_site_name":"Ophtalmologue Fes","article_published_time":"2026-03-18T00:38:18+00:00","article_modified_time":"2026-03-18T00:41:27+00:00","og_image":[{"width":400,"height":300,"url":"https:\/\/ophtalmofes.ma\/wp-content\/uploads\/2026\/03\/Ophtalmologue-a-fes-dr-bengebara-omar-17.png","type":"image\/png"}],"author":"noussa","twitter_card":"summary_large_image","twitter_misc":{"\u0643\u064f\u062a\u0628 \u0628\u0648\u0627\u0633\u0637\u0629":"noussa","\u0648\u0642\u062a \u0627\u0644\u0642\u0631\u0627\u0621\u0629 \u0627\u0644\u0645\u064f\u0642\u062f\u0651\u0631":"\u062f\u0642\u064a\u0642\u062a\u0627\u0646"},"schema":{"@context":"https:\/\/schema.org","@graph":[{"@type":"Article","@id":"https:\/\/ophtalmofes.ma\/ophtalmologue-fes-signes-decollement-retine\/#article","isPartOf":{"@id":"https:\/\/ophtalmofes.ma\/ophtalmologue-fes-signes-decollement-retine\/"},"author":{"name":"noussa","@id":"https:\/\/ophtalmofes.ma\/#\/schema\/person\/209f9de68e2f115e5d149b2cbe57c765"},"headline":"Quels sont les premiers signes du d\u00e9collement de la r\u00e9tine ?","datePublished":"2026-03-18T00:38:18+00:00","dateModified":"2026-03-18T00:41:27+00:00","mainEntityOfPage":{"@id":"https:\/\/ophtalmofes.ma\/ophtalmologue-fes-signes-decollement-retine\/"},"wordCount":356,"image":{"@id":"https:\/\/ophtalmofes.ma\/ophtalmologue-fes-signes-decollement-retine\/#primaryimage"},"thumbnailUrl":"https:\/\/ophtalmofes.ma\/wp-content\/uploads\/2026\/03\/Ophtalmologue-a-fes-dr-bengebara-omar-17.png","keywords":["Chirurgie des yeux","Clinique ophtalmologique","Consultation ophtalmologique","Examen de la vue","M\u00e9decin des yeux","M\u00e9decin sp\u00e9cialiste F\u00e8s","Ophtalmologue F\u00e8s","Sant\u00e9 oculaire"],"articleSection":["Cataracte","Chirurgie des yeux","DMLA","Guide chirurgies","Laser ophtalmologique","M\u00e9decin ophtalmologiste","M\u00e9decin sp\u00e9cialiste F\u00e8s","Myopie \/ Hyperm\u00e9tropie \/ Astigmatisme","Ophtalmologue F\u00e8s","Soins oculaires F\u00e8s","Sp\u00e9cialiste des yeux \u00e0 F\u00e8s","Sp\u00e9cialit\u00e9s","Troubles de la vision","Urgence ophtalmologique","Urgences"],"inLanguage":"ar"},{"@type":"WebPage","@id":"https:\/\/ophtalmofes.ma\/ophtalmologue-fes-signes-decollement-retine\/","url":"https:\/\/ophtalmofes.ma\/ophtalmologue-fes-signes-decollement-retine\/","name":"Quels sont les premiers signes du d\u00e9collement de la r\u00e9tine ? - Ophtalmologue Fes","isPartOf":{"@id":"https:\/\/ophtalmofes.ma\/#website"},"primaryImageOfPage":{"@id":"https:\/\/ophtalmofes.ma\/ophtalmologue-fes-signes-decollement-retine\/#primaryimage"},"image":{"@id":"https:\/\/ophtalmofes.ma\/ophtalmologue-fes-signes-decollement-retine\/#primaryimage"},"thumbnailUrl":"https:\/\/ophtalmofes.ma\/wp-content\/uploads\/2026\/03\/Ophtalmologue-a-fes-dr-bengebara-omar-17.png","datePublished":"2026-03-18T00:38:18+00:00","dateModified":"2026-03-18T00:41:27+00:00","author":{"@id":"https:\/\/ophtalmofes.ma\/#\/schema\/person\/209f9de68e2f115e5d149b2cbe57c765"},"description":"Signes du d\u00e9collement de la r\u00e9tine \u00e0 F\u00e8s : sympt\u00f4mes, pr\u00e9vention et prise en charge pour prot\u00e9ger votre vision.","breadcrumb":{"@id":"https:\/\/ophtalmofes.ma\/ophtalmologue-fes-signes-decollement-retine\/#breadcrumb"},"inLanguage":"ar","potentialAction":[{"@type":"ReadAction","target":["https:\/\/ophtalmofes.ma\/ophtalmologue-fes-signes-decollement-retine\/"]}]},{"@type":"ImageObject","inLanguage":"ar","@id":"https:\/\/ophtalmofes.ma\/ophtalmologue-fes-signes-decollement-retine\/#primaryimage","url":"https:\/\/ophtalmofes.ma\/wp-content\/uploads\/2026\/03\/Ophtalmologue-a-fes-dr-bengebara-omar-17.png","contentUrl":"https:\/\/ophtalmofes.ma\/wp-content\/uploads\/2026\/03\/Ophtalmologue-a-fes-dr-bengebara-omar-17.png","width":400,"height":300,"caption":"Ophtalmologue \u00e0 F\u00e8s \u2013 signes du d\u00e9collement de la r\u00e9tine"},{"@type":"BreadcrumbList","@id":"https:\/\/ophtalmofes.ma\/ophtalmologue-fes-signes-decollement-retine\/#breadcrumb","itemListElement":[{"@type":"ListItem","position":1,"name":"Home","item":"https:\/\/ophtalmofes.ma\/"},{"@type":"ListItem","position":2,"name":"Quels sont les premiers signes du d\u00e9collement de la r\u00e9tine ?"}]},{"@type":"WebSite","@id":"https:\/\/ophtalmofes.ma\/#website","url":"https:\/\/ophtalmofes.ma\/","name":"Ophtalmologue Fes","description":"","potentialAction":[{"@type":"SearchAction","target":{"@type":"EntryPoint","urlTemplate":"https:\/\/ophtalmofes.ma\/?s={search_term_string}"},"query-input":{"@type":"PropertyValueSpecification","valueRequired":true,"valueName":"search_term_string"}}],"inLanguage":"ar"},{"@type":"Person","@id":"https:\/\/ophtalmofes.ma\/#\/schema\/person\/209f9de68e2f115e5d149b2cbe57c765","name":"noussa","image":{"@type":"ImageObject","inLanguage":"ar","@id":"https:\/\/ophtalmofes.ma\/wp-content\/litespeed\/avatar\/5857576812ee3d680a6088d530701051.jpg?ver=1777576407","url":"https:\/\/ophtalmofes.ma\/wp-content\/litespeed\/avatar\/5857576812ee3d680a6088d530701051.jpg?ver=1777576407","contentUrl":"https:\/\/ophtalmofes.ma\/wp-content\/litespeed\/avatar\/5857576812ee3d680a6088d530701051.jpg?ver=1777576407","caption":"noussa"},"url":"https:\/\/ophtalmofes.ma\/ar\/author\/212tech\/"}]}},"_links":{"self":[{"href":"https:\/\/ophtalmofes.ma\/ar\/wp-json\/wp\/v2\/posts\/8532","targetHints":{"allow":["GET"]}}],"collection":[{"href":"https:\/\/ophtalmofes.ma\/ar\/wp-json\/wp\/v2\/posts"}],"about":[{"href":"https:\/\/ophtalmofes.ma\/ar\/wp-json\/wp\/v2\/types\/post"}],"author":[{"embeddable":true,"href":"https:\/\/ophtalmofes.ma\/ar\/wp-json\/wp\/v2\/users\/3"}],"replies":[{"embeddable":true,"href":"https:\/\/ophtalmofes.ma\/ar\/wp-json\/wp\/v2\/comments?post=8532"}],"version-history":[{"count":2,"href":"https:\/\/ophtalmofes.ma\/ar\/wp-json\/wp\/v2\/posts\/8532\/revisions"}],"predecessor-version":[{"id":8535,"href":"https:\/\/ophtalmofes.ma\/ar\/wp-json\/wp\/v2\/posts\/8532\/revisions\/8535"}],"wp:featuredmedia":[{"embeddable":true,"href":"https:\/\/ophtalmofes.ma\/ar\/wp-json\/wp\/v2\/media\/8533"}],"wp:attachment":[{"href":"https:\/\/ophtalmofes.ma\/ar\/wp-json\/wp\/v2\/media?parent=8532"}],"wp:term":[{"taxonomy":"category","embeddable":true,"href":"https:\/\/ophtalmofes.ma\/ar\/wp-json\/wp\/v2\/categories?post=8532"},{"taxonomy":"post_tag","embeddable":true,"href":"https:\/\/ophtalmofes.ma\/ar\/wp-json\/wp\/v2\/tags?post=8532"}],"curies":[{"name":"wp","href":"https:\/\/api.w.org\/{rel}","templated":true}]}}