{"id":8553,"date":"2026-04-06T14:59:01","date_gmt":"2026-04-06T14:59:01","guid":{"rendered":"https:\/\/ophtalmofes.ma\/?p=8553"},"modified":"2026-04-06T14:59:34","modified_gmt":"2026-04-06T14:59:34","slug":"chirurgie-de-la-cataracte-sante-des-yeux-vision","status":"publish","type":"post","link":"https:\/\/ophtalmofes.ma\/ar\/chirurgie-de-la-cataracte-sante-des-yeux-vision\/","title":{"rendered":"Chirurgie de la cataracte : pr\u00e9server la sant\u00e9 des yeux et la vision"},"content":{"rendered":"<figure class=\"wp-block-gallery has-nested-images columns-default is-cropped wp-block-gallery-1 is-layout-flex wp-block-gallery-is-layout-flex\">\n<figure class=\"wp-block-image size-large\"><img fetchpriority=\"high\" decoding=\"async\" width=\"400\" height=\"300\" data-id=\"8554\" src=\"https:\/\/ophtalmofes.ma\/wp-content\/uploads\/2026\/04\/Ophtalmologue-a-fes-dr-bengebara-omar-20.png\" alt=\"\" class=\"wp-image-8554\" srcset=\"https:\/\/ophtalmofes.ma\/wp-content\/uploads\/2026\/04\/Ophtalmologue-a-fes-dr-bengebara-omar-20.png 400w, https:\/\/ophtalmofes.ma\/wp-content\/uploads\/2026\/04\/Ophtalmologue-a-fes-dr-bengebara-omar-20-300x225.png 300w, https:\/\/ophtalmofes.ma\/wp-content\/uploads\/2026\/04\/Ophtalmologue-a-fes-dr-bengebara-omar-20-16x12.png 16w\" sizes=\"(max-width: 400px) 100vw, 400px\" \/><\/figure>\n<\/figure>\n\n\n\n<p>La sant\u00e9 des yeux joue un r\u00f4le essentiel dans votre quotidien. Pourtant, beaucoup de personnes n\u00e9gligent les premiers signes de troubles visuels. \u00c0 F\u00e8s, consulter un sp\u00e9cialiste permet de d\u00e9tecter rapidement les anomalies et d\u2019agir avant qu\u2019elles ne s\u2019aggravent. Ainsi, vous prot\u00e9gez votre vision et am\u00e9liorez votre confort de vie, notamment en cas de probl\u00e8mes n\u00e9cessitant une <a href=\"https:\/\/ophtalmofes.ma\/ar\/\"><strong>\u062c\u0644\u0627\u0644\u0629<\/strong>.<\/a><\/p>\n\n\n\n<h2 class=\"wp-block-heading\"><strong>Les signes qui doivent vous alerter avec la Chirurgie de la cataracte<\/strong><\/h2>\n\n\n\n<p>Certains sympt\u00f4mes ne doivent jamais \u00eatre ignor\u00e9s. Par exemple, une vision floue, des maux de t\u00eate fr\u00e9quents ou une sensibilit\u00e9 \u00e0 la lumi\u00e8re peuvent indiquer un probl\u00e8me oculaire. De plus, une difficult\u00e9 \u00e0 voir la nuit ou une fatigue visuelle persistante m\u00e9rite une consultation. Dans certains cas, ces signes peuvent \u00eatre li\u00e9s \u00e0 une cataracte \u00e9volutive n\u00e9cessitant une prise en charge sp\u00e9cialis\u00e9e et \u00e9ventuellement une Chirurgie de la cataracte.<\/p>\n\n\n\n<h2 class=\"wp-block-heading\"><strong>Un diagnostic pr\u00e9cis et rapide <\/strong><\/h2>\n\n\n\n<p>Aujourd\u2019hui, les consultations ophtalmologiques reposent sur des \u00e9quipements modernes. Gr\u00e2ce \u00e0 ces outils, le sp\u00e9cialiste analyse votre vision en d\u00e9tail. Ensuite, il identifie rapidement les troubles comme la myopie, l\u2019astigmatisme ou la cataracte. Par cons\u00e9quent, une d\u00e9cision peut \u00eatre prise concernant un traitement adapt\u00e9, incluant si n\u00e9cessaire une Chirurgie de la cataracte.<\/p>\n\n\n\n<h2 class=\"wp-block-heading\"><strong>Des traitements adapt\u00e9s \u00e0 chaque patient<\/strong><\/h2>\n\n\n\n<p>Chaque patient pr\u00e9sente un besoin diff\u00e9rent. C\u2019est pourquoi le traitement doit toujours \u00eatre personnalis\u00e9. Dans certains cas, des lunettes ou des lentilles suffisent. Cependant, une intervention peut s\u2019av\u00e9rer n\u00e9cessaire pour corriger un probl\u00e8me plus avanc\u00e9. Heureusement, les techniques actuelles offrent des r\u00e9sultats rapides et s\u00e9curis\u00e9s. Ainsi, le sp\u00e9cialiste accompagne chaque patient dans son parcours de soins.<\/p>\n\n\n\n<h3 class=\"wp-block-heading\"><strong>L\u2019importance du suivi r\u00e9gulier<\/strong> : Chirurgie de la cataracte<\/h3>\n\n\n\n<p>Un contr\u00f4le r\u00e9gulier reste essentiel pour pr\u00e9server votre sant\u00e9 oculaire. M\u00eame sans sympt\u00f4mes, une visite annuelle permet de pr\u00e9venir plusieurs maladies. En effet, certaines pathologies \u00e9voluent sans signes visibles au d\u00e9but. Gr\u00e2ce \u00e0 un suivi, vous anticipez les risques et maintenez une vision stable.<\/p>\n\n\n\n<h3 class=\"wp-block-heading\"><strong>Prenez soin de votre vision d\u00e8s aujourd\u2019hui<\/strong><\/h3>\n\n\n\n<p>Votre vue m\u00e9rite une attention particuli\u00e8re. Ne laissez pas un probl\u00e8me visuel impacter votre quotidien. Au contraire, adoptez les bons r\u00e9flexes et consultez d\u00e8s les premiers signes.<\/p>\n\n\n\n<p>Prenez rendez-vous d\u00e8s maintenant pour un bilan complet et personnalis\u00e9. Votre vision sera entre de bonnes mains pour une prise en charge adapt\u00e9e et durable.<\/p>","protected":false},"excerpt":{"rendered":"<p>La sant\u00e9 des yeux joue un r\u00f4le essentiel dans votre quotidien. Pourtant, beaucoup de personnes n\u00e9gligent les premiers signes de troubles visuels. \u00c0 F\u00e8s, consulter un sp\u00e9cialiste permet de d\u00e9tecter rapidement les anomalies et d\u2019agir avant qu\u2019elles ne s\u2019aggravent. Ainsi, vous prot\u00e9gez votre vision et am\u00e9liorez votre confort de vie, notamment en cas de probl\u00e8mes [&hellip;]<\/p>","protected":false},"author":3,"featured_media":8554,"comment_status":"closed","ping_status":"open","sticky":false,"template":"","format":"standard","meta":{"_themeisle_gutenberg_block_has_review":false,"footnotes":""},"categories":[91,90,96,84,89,88,98,92,95,97,94,87,86,93,79],"tags":[105,101,104,106,102,99,100,103],"class_list":["post-8553","post","type-post","status-publish","format-standard","has-post-thumbnail","hentry","category-cataracte","category-chirurgie-des-yeux","category-dmla","category-guide-chirurgies","category-laser-ophtalmologique","category-medecin-ophtalmologiste","category-medecin-specialiste-fes","category-myopie-hypermetropie-astigmatisme","category-ophtalmologue-fes","category-soins-oculaires-fes","category-specialiste-des-yeux-a-fes","category-specialites","category-troubles-de-la-vision","category-urgence-ophtalmologique","category-urgences","tag-chirurgie-des-yeux","tag-clinique-ophtalmologique","tag-consultation-ophtalmologique","tag-examen-de-la-vue","tag-medecin-des-yeux","tag-medecin-specialiste-fes","tag-ophtalmologue-fes","tag-sante-oculaire"],"yoast_head":"<!-- This site is optimized with the Yoast SEO plugin v27.5 - https:\/\/yoast.com\/product\/yoast-seo-wordpress\/ -->\n<title>Chirurgie de la cataracte : pr\u00e9server la sant\u00e9 des yeux et la vision - Ophtalmologue Fes<\/title>\n<meta name=\"description\" content=\"La chirurgie de la cataracte am\u00e9liore la vision et pr\u00e9serve la sant\u00e9 des yeux gr\u00e2ce \u00e0 une intervention s\u00fbre et efficace.\" \/>\n<meta name=\"robots\" content=\"index, follow, max-snippet:-1, max-image-preview:large, max-video-preview:-1\" \/>\n<link rel=\"canonical\" href=\"https:\/\/ophtalmofes.ma\/ar\/chirurgie-de-la-cataracte-sante-des-yeux-vision\/\" \/>\n<meta property=\"og:locale\" content=\"ar_AR\" \/>\n<meta property=\"og:type\" content=\"article\" \/>\n<meta property=\"og:title\" content=\"Chirurgie de la cataracte : pr\u00e9server la sant\u00e9 des yeux et la vision - Ophtalmologue Fes\" \/>\n<meta property=\"og:description\" content=\"La chirurgie de la cataracte am\u00e9liore la vision et pr\u00e9serve la sant\u00e9 des yeux gr\u00e2ce \u00e0 une intervention s\u00fbre et efficace.\" \/>\n<meta property=\"og:url\" content=\"https:\/\/ophtalmofes.ma\/ar\/chirurgie-de-la-cataracte-sante-des-yeux-vision\/\" \/>\n<meta property=\"og:site_name\" content=\"Ophtalmologue Fes\" \/>\n<meta property=\"article:published_time\" content=\"2026-04-06T14:59:01+00:00\" \/>\n<meta property=\"article:modified_time\" content=\"2026-04-06T14:59:34+00:00\" \/>\n<meta property=\"og:image\" content=\"https:\/\/ophtalmofes.ma\/wp-content\/uploads\/2026\/04\/Ophtalmologue-a-fes-dr-bengebara-omar-20.png\" \/>\n\t<meta property=\"og:image:width\" content=\"400\" \/>\n\t<meta property=\"og:image:height\" content=\"300\" \/>\n\t<meta property=\"og:image:type\" content=\"image\/png\" \/>\n<meta name=\"author\" content=\"noussa\" \/>\n<meta name=\"twitter:card\" content=\"summary_large_image\" \/>\n<meta name=\"twitter:label1\" content=\"\u0643\u064f\u062a\u0628 \u0628\u0648\u0627\u0633\u0637\u0629\" \/>\n\t<meta name=\"twitter:data1\" content=\"noussa\" \/>\n\t<meta name=\"twitter:label2\" content=\"\u0648\u0642\u062a \u0627\u0644\u0642\u0631\u0627\u0621\u0629 \u0627\u0644\u0645\u064f\u0642\u062f\u0651\u0631\" \/>\n\t<meta name=\"twitter:data2\" content=\"3 \u062f\u0642\u0627\u0626\u0642\" \/>\n<script type=\"application\/ld+json\" class=\"yoast-schema-graph\">{\"@context\":\"https:\\\/\\\/schema.org\",\"@graph\":[{\"@type\":\"Article\",\"@id\":\"https:\\\/\\\/ophtalmofes.ma\\\/chirurgie-de-la-cataracte-sante-des-yeux-vision\\\/#article\",\"isPartOf\":{\"@id\":\"https:\\\/\\\/ophtalmofes.ma\\\/chirurgie-de-la-cataracte-sante-des-yeux-vision\\\/\"},\"author\":{\"name\":\"noussa\",\"@id\":\"https:\\\/\\\/ophtalmofes.ma\\\/#\\\/schema\\\/person\\\/209f9de68e2f115e5d149b2cbe57c765\"},\"headline\":\"Chirurgie de la cataracte : pr\u00e9server la sant\u00e9 des yeux et la vision\",\"datePublished\":\"2026-04-06T14:59:01+00:00\",\"dateModified\":\"2026-04-06T14:59:34+00:00\",\"mainEntityOfPage\":{\"@id\":\"https:\\\/\\\/ophtalmofes.ma\\\/chirurgie-de-la-cataracte-sante-des-yeux-vision\\\/\"},\"wordCount\":441,\"image\":{\"@id\":\"https:\\\/\\\/ophtalmofes.ma\\\/chirurgie-de-la-cataracte-sante-des-yeux-vision\\\/#primaryimage\"},\"thumbnailUrl\":\"https:\\\/\\\/ophtalmofes.ma\\\/wp-content\\\/uploads\\\/2026\\\/04\\\/Ophtalmologue-a-fes-dr-bengebara-omar-20.png\",\"keywords\":[\"Chirurgie des yeux\",\"Clinique ophtalmologique\",\"Consultation ophtalmologique\",\"Examen de la vue\",\"M\u00e9decin des yeux\",\"M\u00e9decin sp\u00e9cialiste F\u00e8s\",\"Ophtalmologue F\u00e8s\",\"Sant\u00e9 oculaire\"],\"articleSection\":[\"Cataracte\",\"Chirurgie des yeux\",\"DMLA\",\"Guide chirurgies\",\"Laser ophtalmologique\",\"M\u00e9decin ophtalmologiste\",\"M\u00e9decin sp\u00e9cialiste F\u00e8s\",\"Myopie \\\/ Hyperm\u00e9tropie \\\/ Astigmatisme\",\"Ophtalmologue F\u00e8s\",\"Soins oculaires F\u00e8s\",\"Sp\u00e9cialiste des yeux \u00e0 F\u00e8s\",\"Sp\u00e9cialit\u00e9s\",\"Troubles de la vision\",\"Urgence ophtalmologique\",\"Urgences\"],\"inLanguage\":\"ar\"},{\"@type\":\"WebPage\",\"@id\":\"https:\\\/\\\/ophtalmofes.ma\\\/chirurgie-de-la-cataracte-sante-des-yeux-vision\\\/\",\"url\":\"https:\\\/\\\/ophtalmofes.ma\\\/chirurgie-de-la-cataracte-sante-des-yeux-vision\\\/\",\"name\":\"Chirurgie de la cataracte : pr\u00e9server la sant\u00e9 des yeux et la vision - Ophtalmologue Fes\",\"isPartOf\":{\"@id\":\"https:\\\/\\\/ophtalmofes.ma\\\/#website\"},\"primaryImageOfPage\":{\"@id\":\"https:\\\/\\\/ophtalmofes.ma\\\/chirurgie-de-la-cataracte-sante-des-yeux-vision\\\/#primaryimage\"},\"image\":{\"@id\":\"https:\\\/\\\/ophtalmofes.ma\\\/chirurgie-de-la-cataracte-sante-des-yeux-vision\\\/#primaryimage\"},\"thumbnailUrl\":\"https:\\\/\\\/ophtalmofes.ma\\\/wp-content\\\/uploads\\\/2026\\\/04\\\/Ophtalmologue-a-fes-dr-bengebara-omar-20.png\",\"datePublished\":\"2026-04-06T14:59:01+00:00\",\"dateModified\":\"2026-04-06T14:59:34+00:00\",\"author\":{\"@id\":\"https:\\\/\\\/ophtalmofes.ma\\\/#\\\/schema\\\/person\\\/209f9de68e2f115e5d149b2cbe57c765\"},\"description\":\"La chirurgie de la cataracte am\u00e9liore la vision et pr\u00e9serve la sant\u00e9 des yeux gr\u00e2ce \u00e0 une intervention s\u00fbre et efficace.\",\"breadcrumb\":{\"@id\":\"https:\\\/\\\/ophtalmofes.ma\\\/chirurgie-de-la-cataracte-sante-des-yeux-vision\\\/#breadcrumb\"},\"inLanguage\":\"ar\",\"potentialAction\":[{\"@type\":\"ReadAction\",\"target\":[\"https:\\\/\\\/ophtalmofes.ma\\\/chirurgie-de-la-cataracte-sante-des-yeux-vision\\\/\"]}]},{\"@type\":\"ImageObject\",\"inLanguage\":\"ar\",\"@id\":\"https:\\\/\\\/ophtalmofes.ma\\\/chirurgie-de-la-cataracte-sante-des-yeux-vision\\\/#primaryimage\",\"url\":\"https:\\\/\\\/ophtalmofes.ma\\\/wp-content\\\/uploads\\\/2026\\\/04\\\/Ophtalmologue-a-fes-dr-bengebara-omar-20.png\",\"contentUrl\":\"https:\\\/\\\/ophtalmofes.ma\\\/wp-content\\\/uploads\\\/2026\\\/04\\\/Ophtalmologue-a-fes-dr-bengebara-omar-20.png\",\"width\":400,\"height\":300,\"caption\":\"Consultation chez un ophtalmologue \u00e0 F\u00e8s pour examen de la vision et d\u00e9tection des troubles oculaires\"},{\"@type\":\"BreadcrumbList\",\"@id\":\"https:\\\/\\\/ophtalmofes.ma\\\/chirurgie-de-la-cataracte-sante-des-yeux-vision\\\/#breadcrumb\",\"itemListElement\":[{\"@type\":\"ListItem\",\"position\":1,\"name\":\"Home\",\"item\":\"https:\\\/\\\/ophtalmofes.ma\\\/\"},{\"@type\":\"ListItem\",\"position\":2,\"name\":\"Chirurgie de la cataracte : pr\u00e9server la sant\u00e9 des yeux et la vision\"}]},{\"@type\":\"WebSite\",\"@id\":\"https:\\\/\\\/ophtalmofes.ma\\\/#website\",\"url\":\"https:\\\/\\\/ophtalmofes.ma\\\/\",\"name\":\"Ophtalmologue Fes\",\"description\":\"\",\"potentialAction\":[{\"@type\":\"SearchAction\",\"target\":{\"@type\":\"EntryPoint\",\"urlTemplate\":\"https:\\\/\\\/ophtalmofes.ma\\\/?s={search_term_string}\"},\"query-input\":{\"@type\":\"PropertyValueSpecification\",\"valueRequired\":true,\"valueName\":\"search_term_string\"}}],\"inLanguage\":\"ar\"},{\"@type\":\"Person\",\"@id\":\"https:\\\/\\\/ophtalmofes.ma\\\/#\\\/schema\\\/person\\\/209f9de68e2f115e5d149b2cbe57c765\",\"name\":\"noussa\",\"image\":{\"@type\":\"ImageObject\",\"inLanguage\":\"ar\",\"@id\":\"https:\\\/\\\/ophtalmofes.ma\\\/wp-content\\\/litespeed\\\/avatar\\\/5857576812ee3d680a6088d530701051.jpg?ver=1776971591\",\"url\":\"https:\\\/\\\/ophtalmofes.ma\\\/wp-content\\\/litespeed\\\/avatar\\\/5857576812ee3d680a6088d530701051.jpg?ver=1776971591\",\"contentUrl\":\"https:\\\/\\\/ophtalmofes.ma\\\/wp-content\\\/litespeed\\\/avatar\\\/5857576812ee3d680a6088d530701051.jpg?ver=1776971591\",\"caption\":\"noussa\"},\"url\":\"https:\\\/\\\/ophtalmofes.ma\\\/ar\\\/author\\\/212tech\\\/\"}]}<\/script>\n<!-- \/ Yoast SEO plugin. -->","yoast_head_json":{"title":"Chirurgie de la cataracte : pr\u00e9server la sant\u00e9 des yeux et la vision - Ophtalmologue Fes","description":"La chirurgie de la cataracte am\u00e9liore la vision et pr\u00e9serve la sant\u00e9 des yeux gr\u00e2ce \u00e0 une intervention s\u00fbre et efficace.","robots":{"index":"index","follow":"follow","max-snippet":"max-snippet:-1","max-image-preview":"max-image-preview:large","max-video-preview":"max-video-preview:-1"},"canonical":"https:\/\/ophtalmofes.ma\/ar\/chirurgie-de-la-cataracte-sante-des-yeux-vision\/","og_locale":"ar_AR","og_type":"article","og_title":"Chirurgie de la cataracte : pr\u00e9server la sant\u00e9 des yeux et la vision - Ophtalmologue Fes","og_description":"La chirurgie de la cataracte am\u00e9liore la vision et pr\u00e9serve la sant\u00e9 des yeux gr\u00e2ce \u00e0 une intervention s\u00fbre et efficace.","og_url":"https:\/\/ophtalmofes.ma\/ar\/chirurgie-de-la-cataracte-sante-des-yeux-vision\/","og_site_name":"Ophtalmologue Fes","article_published_time":"2026-04-06T14:59:01+00:00","article_modified_time":"2026-04-06T14:59:34+00:00","og_image":[{"width":400,"height":300,"url":"https:\/\/ophtalmofes.ma\/wp-content\/uploads\/2026\/04\/Ophtalmologue-a-fes-dr-bengebara-omar-20.png","type":"image\/png"}],"author":"noussa","twitter_card":"summary_large_image","twitter_misc":{"\u0643\u064f\u062a\u0628 \u0628\u0648\u0627\u0633\u0637\u0629":"noussa","\u0648\u0642\u062a \u0627\u0644\u0642\u0631\u0627\u0621\u0629 \u0627\u0644\u0645\u064f\u0642\u062f\u0651\u0631":"3 \u062f\u0642\u0627\u0626\u0642"},"schema":{"@context":"https:\/\/schema.org","@graph":[{"@type":"Article","@id":"https:\/\/ophtalmofes.ma\/chirurgie-de-la-cataracte-sante-des-yeux-vision\/#article","isPartOf":{"@id":"https:\/\/ophtalmofes.ma\/chirurgie-de-la-cataracte-sante-des-yeux-vision\/"},"author":{"name":"noussa","@id":"https:\/\/ophtalmofes.ma\/#\/schema\/person\/209f9de68e2f115e5d149b2cbe57c765"},"headline":"Chirurgie de la cataracte : pr\u00e9server la sant\u00e9 des yeux et la vision","datePublished":"2026-04-06T14:59:01+00:00","dateModified":"2026-04-06T14:59:34+00:00","mainEntityOfPage":{"@id":"https:\/\/ophtalmofes.ma\/chirurgie-de-la-cataracte-sante-des-yeux-vision\/"},"wordCount":441,"image":{"@id":"https:\/\/ophtalmofes.ma\/chirurgie-de-la-cataracte-sante-des-yeux-vision\/#primaryimage"},"thumbnailUrl":"https:\/\/ophtalmofes.ma\/wp-content\/uploads\/2026\/04\/Ophtalmologue-a-fes-dr-bengebara-omar-20.png","keywords":["Chirurgie des yeux","Clinique ophtalmologique","Consultation ophtalmologique","Examen de la vue","M\u00e9decin des yeux","M\u00e9decin sp\u00e9cialiste F\u00e8s","Ophtalmologue F\u00e8s","Sant\u00e9 oculaire"],"articleSection":["Cataracte","Chirurgie des yeux","DMLA","Guide chirurgies","Laser ophtalmologique","M\u00e9decin ophtalmologiste","M\u00e9decin sp\u00e9cialiste F\u00e8s","Myopie \/ Hyperm\u00e9tropie \/ Astigmatisme","Ophtalmologue F\u00e8s","Soins oculaires F\u00e8s","Sp\u00e9cialiste des yeux \u00e0 F\u00e8s","Sp\u00e9cialit\u00e9s","Troubles de la vision","Urgence ophtalmologique","Urgences"],"inLanguage":"ar"},{"@type":"WebPage","@id":"https:\/\/ophtalmofes.ma\/chirurgie-de-la-cataracte-sante-des-yeux-vision\/","url":"https:\/\/ophtalmofes.ma\/chirurgie-de-la-cataracte-sante-des-yeux-vision\/","name":"Chirurgie de la cataracte : pr\u00e9server la sant\u00e9 des yeux et la vision - Ophtalmologue Fes","isPartOf":{"@id":"https:\/\/ophtalmofes.ma\/#website"},"primaryImageOfPage":{"@id":"https:\/\/ophtalmofes.ma\/chirurgie-de-la-cataracte-sante-des-yeux-vision\/#primaryimage"},"image":{"@id":"https:\/\/ophtalmofes.ma\/chirurgie-de-la-cataracte-sante-des-yeux-vision\/#primaryimage"},"thumbnailUrl":"https:\/\/ophtalmofes.ma\/wp-content\/uploads\/2026\/04\/Ophtalmologue-a-fes-dr-bengebara-omar-20.png","datePublished":"2026-04-06T14:59:01+00:00","dateModified":"2026-04-06T14:59:34+00:00","author":{"@id":"https:\/\/ophtalmofes.ma\/#\/schema\/person\/209f9de68e2f115e5d149b2cbe57c765"},"description":"La chirurgie de la cataracte am\u00e9liore la vision et pr\u00e9serve la sant\u00e9 des yeux gr\u00e2ce \u00e0 une intervention s\u00fbre et efficace.","breadcrumb":{"@id":"https:\/\/ophtalmofes.ma\/chirurgie-de-la-cataracte-sante-des-yeux-vision\/#breadcrumb"},"inLanguage":"ar","potentialAction":[{"@type":"ReadAction","target":["https:\/\/ophtalmofes.ma\/chirurgie-de-la-cataracte-sante-des-yeux-vision\/"]}]},{"@type":"ImageObject","inLanguage":"ar","@id":"https:\/\/ophtalmofes.ma\/chirurgie-de-la-cataracte-sante-des-yeux-vision\/#primaryimage","url":"https:\/\/ophtalmofes.ma\/wp-content\/uploads\/2026\/04\/Ophtalmologue-a-fes-dr-bengebara-omar-20.png","contentUrl":"https:\/\/ophtalmofes.ma\/wp-content\/uploads\/2026\/04\/Ophtalmologue-a-fes-dr-bengebara-omar-20.png","width":400,"height":300,"caption":"Consultation chez un ophtalmologue \u00e0 F\u00e8s pour examen de la vision et d\u00e9tection des troubles oculaires"},{"@type":"BreadcrumbList","@id":"https:\/\/ophtalmofes.ma\/chirurgie-de-la-cataracte-sante-des-yeux-vision\/#breadcrumb","itemListElement":[{"@type":"ListItem","position":1,"name":"Home","item":"https:\/\/ophtalmofes.ma\/"},{"@type":"ListItem","position":2,"name":"Chirurgie de la cataracte : pr\u00e9server la sant\u00e9 des yeux et la vision"}]},{"@type":"WebSite","@id":"https:\/\/ophtalmofes.ma\/#website","url":"https:\/\/ophtalmofes.ma\/","name":"Ophtalmologue Fes","description":"","potentialAction":[{"@type":"SearchAction","target":{"@type":"EntryPoint","urlTemplate":"https:\/\/ophtalmofes.ma\/?s={search_term_string}"},"query-input":{"@type":"PropertyValueSpecification","valueRequired":true,"valueName":"search_term_string"}}],"inLanguage":"ar"},{"@type":"Person","@id":"https:\/\/ophtalmofes.ma\/#\/schema\/person\/209f9de68e2f115e5d149b2cbe57c765","name":"noussa","image":{"@type":"ImageObject","inLanguage":"ar","@id":"https:\/\/ophtalmofes.ma\/wp-content\/litespeed\/avatar\/5857576812ee3d680a6088d530701051.jpg?ver=1776971591","url":"https:\/\/ophtalmofes.ma\/wp-content\/litespeed\/avatar\/5857576812ee3d680a6088d530701051.jpg?ver=1776971591","contentUrl":"https:\/\/ophtalmofes.ma\/wp-content\/litespeed\/avatar\/5857576812ee3d680a6088d530701051.jpg?ver=1776971591","caption":"noussa"},"url":"https:\/\/ophtalmofes.ma\/ar\/author\/212tech\/"}]}},"_links":{"self":[{"href":"https:\/\/ophtalmofes.ma\/ar\/wp-json\/wp\/v2\/posts\/8553","targetHints":{"allow":["GET"]}}],"collection":[{"href":"https:\/\/ophtalmofes.ma\/ar\/wp-json\/wp\/v2\/posts"}],"about":[{"href":"https:\/\/ophtalmofes.ma\/ar\/wp-json\/wp\/v2\/types\/post"}],"author":[{"embeddable":true,"href":"https:\/\/ophtalmofes.ma\/ar\/wp-json\/wp\/v2\/users\/3"}],"replies":[{"embeddable":true,"href":"https:\/\/ophtalmofes.ma\/ar\/wp-json\/wp\/v2\/comments?post=8553"}],"version-history":[{"count":2,"href":"https:\/\/ophtalmofes.ma\/ar\/wp-json\/wp\/v2\/posts\/8553\/revisions"}],"predecessor-version":[{"id":8556,"href":"https:\/\/ophtalmofes.ma\/ar\/wp-json\/wp\/v2\/posts\/8553\/revisions\/8556"}],"wp:featuredmedia":[{"embeddable":true,"href":"https:\/\/ophtalmofes.ma\/ar\/wp-json\/wp\/v2\/media\/8554"}],"wp:attachment":[{"href":"https:\/\/ophtalmofes.ma\/ar\/wp-json\/wp\/v2\/media?parent=8553"}],"wp:term":[{"taxonomy":"category","embeddable":true,"href":"https:\/\/ophtalmofes.ma\/ar\/wp-json\/wp\/v2\/categories?post=8553"},{"taxonomy":"post_tag","embeddable":true,"href":"https:\/\/ophtalmofes.ma\/ar\/wp-json\/wp\/v2\/tags?post=8553"}],"curies":[{"name":"wp","href":"https:\/\/api.w.org\/{rel}","templated":true}]}}