{"id":8566,"date":"2026-04-16T11:09:15","date_gmt":"2026-04-16T11:09:15","guid":{"rendered":"https:\/\/ophtalmofes.ma\/?p=8566"},"modified":"2026-04-16T11:23:39","modified_gmt":"2026-04-16T11:23:39","slug":"comprendre-la-difference-entre-cataracte-et-troubles-de-la-vision","status":"publish","type":"post","link":"https:\/\/ophtalmofes.ma\/ar\/comprendre-la-difference-entre-cataracte-et-troubles-de-la-vision\/","title":{"rendered":"comprendre la diff\u00e9rence entre cataracte et troubles de la vision :"},"content":{"rendered":"<figure class=\"wp-block-gallery has-nested-images columns-default is-cropped wp-block-gallery-1 is-layout-flex wp-block-gallery-is-layout-flex\">\n<figure class=\"wp-block-image size-large\"><img fetchpriority=\"high\" decoding=\"async\" width=\"400\" height=\"300\" data-id=\"8567\" src=\"https:\/\/ophtalmofes.ma\/wp-content\/uploads\/2026\/04\/Ophtalmologue-a-fes-dr-bengebara-omar-22.png\" alt=\"\" class=\"wp-image-8567\" srcset=\"https:\/\/ophtalmofes.ma\/wp-content\/uploads\/2026\/04\/Ophtalmologue-a-fes-dr-bengebara-omar-22.png 400w, https:\/\/ophtalmofes.ma\/wp-content\/uploads\/2026\/04\/Ophtalmologue-a-fes-dr-bengebara-omar-22-300x225.png 300w, https:\/\/ophtalmofes.ma\/wp-content\/uploads\/2026\/04\/Ophtalmologue-a-fes-dr-bengebara-omar-22-16x12.png 16w\" sizes=\"(max-width: 400px) 100vw, 400px\" \/><\/figure>\n<\/figure>\n\n\n\n<h2 class=\"wp-block-heading\">Qu\u2019appelle-t-on troubles de la vision ?<\/h2>\n\n\n\n<p>Les troubles de la vision regroupent plusieurs anomalies fr\u00e9quentes comme la myopie, l\u2019astigmatisme ou la presbytie. En g\u00e9n\u00e9ral, ces probl\u00e8mes apparaissent lorsque l\u2019\u0153il ne focalise pas correctement les images sur la r\u00e9tine. Par cons\u00e9quent, la vision devient floue de pr\u00e8s ou de loin.<\/p>\n\n\n\n<p>De plus, ces troubles \u00e9voluent souvent avec l\u2019\u00e2ge ou les habitudes de vie. Par exemple, le travail prolong\u00e9 sur \u00e9cran peut accentuer la fatigue visuelle. Heureusement, les solutions restent simples dans la majorit\u00e9 des cas. Les lunettes, les lentilles ou la chirurgie laser permettent de corriger efficacement ces d\u00e9fauts.<\/p>\n\n\n\n<h2 class=\"wp-block-heading\">Cataracte Ophtalmologue F\u00e8s : une maladie de l\u2019\u0153il \u00e0 ne pas confondre<\/h2>\n\n\n\n<p>La cataracte d\u00e9signe une pathologie bien pr\u00e9cise. Elle touche le cristallin, qui perd progressivement sa transparence. Ainsi, la lumi\u00e8re p\u00e9n\u00e8tre moins bien dans l\u2019\u0153il, ce qui entra\u00eene une vision trouble.<\/p>\n\n\n\n<p>Contrairement aux troubles de la vision, la cataracte ne d\u00e9pend pas uniquement de la forme de l\u2019\u0153il. Elle appara\u00eet souvent avec l\u2019\u00e2ge, mais peut aussi \u00eatre li\u00e9e \u00e0 d\u2019autres facteurs comme le diab\u00e8te ou un traumatisme. En outre, les sympt\u00f4mes s\u2019installent lentement, ce qui peut retarder la consultation.<\/p>\n\n\n\n<h2 class=\"wp-block-heading\">Comment reconna\u00eetre la diff\u00e9rence au quotidien ?<\/h2>\n\n\n\n<p>Il est important de distinguer ces deux situations. D\u2019un c\u00f4t\u00e9, les troubles de la vision provoquent une g\u00eane stable. Une correction adapt\u00e9e am\u00e9liore imm\u00e9diatement la qualit\u00e9 de la vue. D\u2019un autre c\u00f4t\u00e9, la cataracte entra\u00eene une baisse progressive de la vision, m\u00eame avec des lunettes r\u00e9centes.<\/p>\n\n\n\n<p>Par ailleurs, certains signes doivent alerter. Une sensibilit\u00e9 accrue \u00e0 la lumi\u00e8re, une vision jaun\u00e2tre ou des difficult\u00e9s \u00e0 conduire la nuit peuvent indiquer une cataracte. Dans ce cas, une simple correction ne suffit plus.<\/p>\n\n\n\n<h3 class=\"wp-block-heading\">Quels traitements selon chaque cas ?<\/h3>\n\n\n\n<p>Le traitement d\u00e9pend toujours du diagnostic. Pour les troubles de la vision, les solutions restent non invasives dans la plupart des situations. Les lunettes ou les lentilles corrigent efficacement la vue. La chirurgie laser repr\u00e9sente aussi une option durable.<\/p>\n\n\n\n<p>En revanche, la cataracte n\u00e9cessite une intervention chirurgicale. Le sp\u00e9cialiste remplace le cristallin opacifi\u00e9 par un implant artificiel. Aujourd\u2019hui, cette op\u00e9ration se d\u00e9roule rapidement et offre d\u2019excellents r\u00e9sultats.<\/p>\n\n\n\n<h3 class=\"wp-block-heading\">Pourquoi consulter un sp\u00e9cialiste Ophtalmologue F\u00e8s ?<\/h3>\n\n\n\n<p>Un diagnostic pr\u00e9cis fait toute la diff\u00e9rence. En effet, seul un examen complet permet de d\u00e9terminer l\u2019origine du trouble visuel. De plus, une prise en charge pr\u00e9coce \u00e9vite les complications et am\u00e9liore le confort de vie.<\/p>\n\n\n\n<p>Ainsi, consulter un sp\u00e9cialiste reste essentiel d\u00e8s l\u2019apparition des premiers signes. Un suivi r\u00e9gulier permet aussi d\u2019adapter le traitement au fil du temps et de pr\u00e9server une bonne sant\u00e9 visuelle.<\/p>","protected":false},"excerpt":{"rendered":"<p>Qu\u2019appelle-t-on troubles de la vision ? Les troubles de la vision regroupent plusieurs anomalies fr\u00e9quentes comme la myopie, l\u2019astigmatisme ou la presbytie. En g\u00e9n\u00e9ral, ces probl\u00e8mes apparaissent lorsque l\u2019\u0153il ne focalise pas correctement les images sur la r\u00e9tine. Par cons\u00e9quent, la vision devient floue de pr\u00e8s ou de loin. De plus, ces troubles \u00e9voluent souvent [&hellip;]<\/p>","protected":false},"author":3,"featured_media":0,"comment_status":"closed","ping_status":"open","sticky":false,"template":"","format":"standard","meta":{"_themeisle_gutenberg_block_has_review":false,"footnotes":""},"categories":[91,90,96,84,89,88,98,92,95,97,94,87,86,93,79],"tags":[],"class_list":["post-8566","post","type-post","status-publish","format-standard","hentry","category-cataracte","category-chirurgie-des-yeux","category-dmla","category-guide-chirurgies","category-laser-ophtalmologique","category-medecin-ophtalmologiste","category-medecin-specialiste-fes","category-myopie-hypermetropie-astigmatisme","category-ophtalmologue-fes","category-soins-oculaires-fes","category-specialiste-des-yeux-a-fes","category-specialites","category-troubles-de-la-vision","category-urgence-ophtalmologique","category-urgences"],"yoast_head":"<!-- This site is optimized with the Yoast SEO plugin v27.5 - https:\/\/yoast.com\/product\/yoast-seo-wordpress\/ -->\n<title>comprendre la diff\u00e9rence entre cataracte et troubles de la vision : - Ophtalmologue Fes<\/title>\n<meta name=\"robots\" content=\"index, follow, max-snippet:-1, max-image-preview:large, max-video-preview:-1\" \/>\n<link rel=\"canonical\" href=\"https:\/\/ophtalmofes.ma\/ar\/comprendre-la-difference-entre-cataracte-et-troubles-de-la-vision\/\" \/>\n<meta property=\"og:locale\" content=\"ar_AR\" \/>\n<meta property=\"og:type\" content=\"article\" \/>\n<meta property=\"og:title\" content=\"comprendre la diff\u00e9rence entre cataracte et troubles de la vision : - Ophtalmologue Fes\" \/>\n<meta property=\"og:description\" content=\"Qu\u2019appelle-t-on troubles de la vision ? Les troubles de la vision regroupent plusieurs anomalies fr\u00e9quentes comme la myopie, l\u2019astigmatisme ou la presbytie. En g\u00e9n\u00e9ral, ces probl\u00e8mes apparaissent lorsque l\u2019\u0153il ne focalise pas correctement les images sur la r\u00e9tine. Par cons\u00e9quent, la vision devient floue de pr\u00e8s ou de loin. De plus, ces troubles \u00e9voluent souvent [&hellip;]\" \/>\n<meta property=\"og:url\" content=\"https:\/\/ophtalmofes.ma\/ar\/comprendre-la-difference-entre-cataracte-et-troubles-de-la-vision\/\" \/>\n<meta property=\"og:site_name\" content=\"Ophtalmologue Fes\" \/>\n<meta property=\"article:published_time\" content=\"2026-04-16T11:09:15+00:00\" \/>\n<meta property=\"article:modified_time\" content=\"2026-04-16T11:23:39+00:00\" \/>\n<meta property=\"og:image\" content=\"https:\/\/ophtalmofes.ma\/wp-content\/uploads\/2026\/04\/Ophtalmologue-a-fes-dr-bengebara-omar-22.png\" \/>\n\t<meta property=\"og:image:width\" content=\"400\" \/>\n\t<meta property=\"og:image:height\" content=\"300\" \/>\n\t<meta property=\"og:image:type\" content=\"image\/png\" \/>\n<meta name=\"author\" content=\"noussa\" \/>\n<meta name=\"twitter:card\" content=\"summary_large_image\" \/>\n<meta name=\"twitter:label1\" content=\"\u0643\u064f\u062a\u0628 \u0628\u0648\u0627\u0633\u0637\u0629\" \/>\n\t<meta name=\"twitter:data1\" content=\"noussa\" \/>\n\t<meta name=\"twitter:label2\" content=\"\u0648\u0642\u062a \u0627\u0644\u0642\u0631\u0627\u0621\u0629 \u0627\u0644\u0645\u064f\u0642\u062f\u0651\u0631\" \/>\n\t<meta name=\"twitter:data2\" content=\"3 \u062f\u0642\u0627\u0626\u0642\" \/>\n<script type=\"application\/ld+json\" class=\"yoast-schema-graph\">{\"@context\":\"https:\\\/\\\/schema.org\",\"@graph\":[{\"@type\":\"Article\",\"@id\":\"https:\\\/\\\/ophtalmofes.ma\\\/comprendre-la-difference-entre-cataracte-et-troubles-de-la-vision\\\/#article\",\"isPartOf\":{\"@id\":\"https:\\\/\\\/ophtalmofes.ma\\\/comprendre-la-difference-entre-cataracte-et-troubles-de-la-vision\\\/\"},\"author\":{\"name\":\"noussa\",\"@id\":\"https:\\\/\\\/ophtalmofes.ma\\\/#\\\/schema\\\/person\\\/209f9de68e2f115e5d149b2cbe57c765\"},\"headline\":\"comprendre la diff\u00e9rence entre cataracte et troubles de la vision :\",\"datePublished\":\"2026-04-16T11:09:15+00:00\",\"dateModified\":\"2026-04-16T11:23:39+00:00\",\"mainEntityOfPage\":{\"@id\":\"https:\\\/\\\/ophtalmofes.ma\\\/comprendre-la-difference-entre-cataracte-et-troubles-de-la-vision\\\/\"},\"wordCount\":493,\"image\":{\"@id\":\"https:\\\/\\\/ophtalmofes.ma\\\/comprendre-la-difference-entre-cataracte-et-troubles-de-la-vision\\\/#primaryimage\"},\"thumbnailUrl\":\"https:\\\/\\\/ophtalmofes.ma\\\/wp-content\\\/uploads\\\/2026\\\/04\\\/Ophtalmologue-a-fes-dr-bengebara-omar-22.png\",\"articleSection\":[\"Cataracte\",\"Chirurgie des yeux\",\"DMLA\",\"Guide chirurgies\",\"Laser ophtalmologique\",\"M\u00e9decin ophtalmologiste\",\"M\u00e9decin sp\u00e9cialiste F\u00e8s\",\"Myopie \\\/ Hyperm\u00e9tropie \\\/ Astigmatisme\",\"Ophtalmologue F\u00e8s\",\"Soins oculaires F\u00e8s\",\"Sp\u00e9cialiste des yeux \u00e0 F\u00e8s\",\"Sp\u00e9cialit\u00e9s\",\"Troubles de la vision\",\"Urgence ophtalmologique\",\"Urgences\"],\"inLanguage\":\"ar\"},{\"@type\":\"WebPage\",\"@id\":\"https:\\\/\\\/ophtalmofes.ma\\\/comprendre-la-difference-entre-cataracte-et-troubles-de-la-vision\\\/\",\"url\":\"https:\\\/\\\/ophtalmofes.ma\\\/comprendre-la-difference-entre-cataracte-et-troubles-de-la-vision\\\/\",\"name\":\"comprendre la diff\u00e9rence entre cataracte et troubles de la vision : - Ophtalmologue Fes\",\"isPartOf\":{\"@id\":\"https:\\\/\\\/ophtalmofes.ma\\\/#website\"},\"primaryImageOfPage\":{\"@id\":\"https:\\\/\\\/ophtalmofes.ma\\\/comprendre-la-difference-entre-cataracte-et-troubles-de-la-vision\\\/#primaryimage\"},\"image\":{\"@id\":\"https:\\\/\\\/ophtalmofes.ma\\\/comprendre-la-difference-entre-cataracte-et-troubles-de-la-vision\\\/#primaryimage\"},\"thumbnailUrl\":\"https:\\\/\\\/ophtalmofes.ma\\\/wp-content\\\/uploads\\\/2026\\\/04\\\/Ophtalmologue-a-fes-dr-bengebara-omar-22.png\",\"datePublished\":\"2026-04-16T11:09:15+00:00\",\"dateModified\":\"2026-04-16T11:23:39+00:00\",\"author\":{\"@id\":\"https:\\\/\\\/ophtalmofes.ma\\\/#\\\/schema\\\/person\\\/209f9de68e2f115e5d149b2cbe57c765\"},\"breadcrumb\":{\"@id\":\"https:\\\/\\\/ophtalmofes.ma\\\/comprendre-la-difference-entre-cataracte-et-troubles-de-la-vision\\\/#breadcrumb\"},\"inLanguage\":\"ar\",\"potentialAction\":[{\"@type\":\"ReadAction\",\"target\":[\"https:\\\/\\\/ophtalmofes.ma\\\/comprendre-la-difference-entre-cataracte-et-troubles-de-la-vision\\\/\"]}]},{\"@type\":\"ImageObject\",\"inLanguage\":\"ar\",\"@id\":\"https:\\\/\\\/ophtalmofes.ma\\\/comprendre-la-difference-entre-cataracte-et-troubles-de-la-vision\\\/#primaryimage\",\"url\":\"https:\\\/\\\/ophtalmofes.ma\\\/wp-content\\\/uploads\\\/2026\\\/04\\\/Ophtalmologue-a-fes-dr-bengebara-omar-22.png\",\"contentUrl\":\"https:\\\/\\\/ophtalmofes.ma\\\/wp-content\\\/uploads\\\/2026\\\/04\\\/Ophtalmologue-a-fes-dr-bengebara-omar-22.png\"},{\"@type\":\"BreadcrumbList\",\"@id\":\"https:\\\/\\\/ophtalmofes.ma\\\/comprendre-la-difference-entre-cataracte-et-troubles-de-la-vision\\\/#breadcrumb\",\"itemListElement\":[{\"@type\":\"ListItem\",\"position\":1,\"name\":\"Home\",\"item\":\"https:\\\/\\\/ophtalmofes.ma\\\/\"},{\"@type\":\"ListItem\",\"position\":2,\"name\":\"comprendre la diff\u00e9rence entre cataracte et troubles de la vision :\"}]},{\"@type\":\"WebSite\",\"@id\":\"https:\\\/\\\/ophtalmofes.ma\\\/#website\",\"url\":\"https:\\\/\\\/ophtalmofes.ma\\\/\",\"name\":\"Ophtalmologue Fes\",\"description\":\"\",\"potentialAction\":[{\"@type\":\"SearchAction\",\"target\":{\"@type\":\"EntryPoint\",\"urlTemplate\":\"https:\\\/\\\/ophtalmofes.ma\\\/?s={search_term_string}\"},\"query-input\":{\"@type\":\"PropertyValueSpecification\",\"valueRequired\":true,\"valueName\":\"search_term_string\"}}],\"inLanguage\":\"ar\"},{\"@type\":\"Person\",\"@id\":\"https:\\\/\\\/ophtalmofes.ma\\\/#\\\/schema\\\/person\\\/209f9de68e2f115e5d149b2cbe57c765\",\"name\":\"noussa\",\"image\":{\"@type\":\"ImageObject\",\"inLanguage\":\"ar\",\"@id\":\"https:\\\/\\\/ophtalmofes.ma\\\/wp-content\\\/litespeed\\\/avatar\\\/5857576812ee3d680a6088d530701051.jpg?ver=1776971591\",\"url\":\"https:\\\/\\\/ophtalmofes.ma\\\/wp-content\\\/litespeed\\\/avatar\\\/5857576812ee3d680a6088d530701051.jpg?ver=1776971591\",\"contentUrl\":\"https:\\\/\\\/ophtalmofes.ma\\\/wp-content\\\/litespeed\\\/avatar\\\/5857576812ee3d680a6088d530701051.jpg?ver=1776971591\",\"caption\":\"noussa\"},\"url\":\"https:\\\/\\\/ophtalmofes.ma\\\/ar\\\/author\\\/212tech\\\/\"}]}<\/script>\n<!-- \/ Yoast SEO plugin. -->","yoast_head_json":{"title":"comprendre la diff\u00e9rence entre cataracte et troubles de la vision : - Ophtalmologue Fes","robots":{"index":"index","follow":"follow","max-snippet":"max-snippet:-1","max-image-preview":"max-image-preview:large","max-video-preview":"max-video-preview:-1"},"canonical":"https:\/\/ophtalmofes.ma\/ar\/comprendre-la-difference-entre-cataracte-et-troubles-de-la-vision\/","og_locale":"ar_AR","og_type":"article","og_title":"comprendre la diff\u00e9rence entre cataracte et troubles de la vision : - Ophtalmologue Fes","og_description":"Qu\u2019appelle-t-on troubles de la vision ? Les troubles de la vision regroupent plusieurs anomalies fr\u00e9quentes comme la myopie, l\u2019astigmatisme ou la presbytie. En g\u00e9n\u00e9ral, ces probl\u00e8mes apparaissent lorsque l\u2019\u0153il ne focalise pas correctement les images sur la r\u00e9tine. Par cons\u00e9quent, la vision devient floue de pr\u00e8s ou de loin. De plus, ces troubles \u00e9voluent souvent [&hellip;]","og_url":"https:\/\/ophtalmofes.ma\/ar\/comprendre-la-difference-entre-cataracte-et-troubles-de-la-vision\/","og_site_name":"Ophtalmologue Fes","article_published_time":"2026-04-16T11:09:15+00:00","article_modified_time":"2026-04-16T11:23:39+00:00","og_image":[{"width":400,"height":300,"url":"https:\/\/ophtalmofes.ma\/wp-content\/uploads\/2026\/04\/Ophtalmologue-a-fes-dr-bengebara-omar-22.png","type":"image\/png"}],"author":"noussa","twitter_card":"summary_large_image","twitter_misc":{"\u0643\u064f\u062a\u0628 \u0628\u0648\u0627\u0633\u0637\u0629":"noussa","\u0648\u0642\u062a \u0627\u0644\u0642\u0631\u0627\u0621\u0629 \u0627\u0644\u0645\u064f\u0642\u062f\u0651\u0631":"3 \u062f\u0642\u0627\u0626\u0642"},"schema":{"@context":"https:\/\/schema.org","@graph":[{"@type":"Article","@id":"https:\/\/ophtalmofes.ma\/comprendre-la-difference-entre-cataracte-et-troubles-de-la-vision\/#article","isPartOf":{"@id":"https:\/\/ophtalmofes.ma\/comprendre-la-difference-entre-cataracte-et-troubles-de-la-vision\/"},"author":{"name":"noussa","@id":"https:\/\/ophtalmofes.ma\/#\/schema\/person\/209f9de68e2f115e5d149b2cbe57c765"},"headline":"comprendre la diff\u00e9rence entre cataracte et troubles de la vision :","datePublished":"2026-04-16T11:09:15+00:00","dateModified":"2026-04-16T11:23:39+00:00","mainEntityOfPage":{"@id":"https:\/\/ophtalmofes.ma\/comprendre-la-difference-entre-cataracte-et-troubles-de-la-vision\/"},"wordCount":493,"image":{"@id":"https:\/\/ophtalmofes.ma\/comprendre-la-difference-entre-cataracte-et-troubles-de-la-vision\/#primaryimage"},"thumbnailUrl":"https:\/\/ophtalmofes.ma\/wp-content\/uploads\/2026\/04\/Ophtalmologue-a-fes-dr-bengebara-omar-22.png","articleSection":["Cataracte","Chirurgie des yeux","DMLA","Guide chirurgies","Laser ophtalmologique","M\u00e9decin ophtalmologiste","M\u00e9decin sp\u00e9cialiste F\u00e8s","Myopie \/ Hyperm\u00e9tropie \/ Astigmatisme","Ophtalmologue F\u00e8s","Soins oculaires F\u00e8s","Sp\u00e9cialiste des yeux \u00e0 F\u00e8s","Sp\u00e9cialit\u00e9s","Troubles de la vision","Urgence ophtalmologique","Urgences"],"inLanguage":"ar"},{"@type":"WebPage","@id":"https:\/\/ophtalmofes.ma\/comprendre-la-difference-entre-cataracte-et-troubles-de-la-vision\/","url":"https:\/\/ophtalmofes.ma\/comprendre-la-difference-entre-cataracte-et-troubles-de-la-vision\/","name":"comprendre la diff\u00e9rence entre cataracte et troubles de la vision : - Ophtalmologue Fes","isPartOf":{"@id":"https:\/\/ophtalmofes.ma\/#website"},"primaryImageOfPage":{"@id":"https:\/\/ophtalmofes.ma\/comprendre-la-difference-entre-cataracte-et-troubles-de-la-vision\/#primaryimage"},"image":{"@id":"https:\/\/ophtalmofes.ma\/comprendre-la-difference-entre-cataracte-et-troubles-de-la-vision\/#primaryimage"},"thumbnailUrl":"https:\/\/ophtalmofes.ma\/wp-content\/uploads\/2026\/04\/Ophtalmologue-a-fes-dr-bengebara-omar-22.png","datePublished":"2026-04-16T11:09:15+00:00","dateModified":"2026-04-16T11:23:39+00:00","author":{"@id":"https:\/\/ophtalmofes.ma\/#\/schema\/person\/209f9de68e2f115e5d149b2cbe57c765"},"breadcrumb":{"@id":"https:\/\/ophtalmofes.ma\/comprendre-la-difference-entre-cataracte-et-troubles-de-la-vision\/#breadcrumb"},"inLanguage":"ar","potentialAction":[{"@type":"ReadAction","target":["https:\/\/ophtalmofes.ma\/comprendre-la-difference-entre-cataracte-et-troubles-de-la-vision\/"]}]},{"@type":"ImageObject","inLanguage":"ar","@id":"https:\/\/ophtalmofes.ma\/comprendre-la-difference-entre-cataracte-et-troubles-de-la-vision\/#primaryimage","url":"https:\/\/ophtalmofes.ma\/wp-content\/uploads\/2026\/04\/Ophtalmologue-a-fes-dr-bengebara-omar-22.png","contentUrl":"https:\/\/ophtalmofes.ma\/wp-content\/uploads\/2026\/04\/Ophtalmologue-a-fes-dr-bengebara-omar-22.png"},{"@type":"BreadcrumbList","@id":"https:\/\/ophtalmofes.ma\/comprendre-la-difference-entre-cataracte-et-troubles-de-la-vision\/#breadcrumb","itemListElement":[{"@type":"ListItem","position":1,"name":"Home","item":"https:\/\/ophtalmofes.ma\/"},{"@type":"ListItem","position":2,"name":"comprendre la diff\u00e9rence entre cataracte et troubles de la vision :"}]},{"@type":"WebSite","@id":"https:\/\/ophtalmofes.ma\/#website","url":"https:\/\/ophtalmofes.ma\/","name":"Ophtalmologue Fes","description":"","potentialAction":[{"@type":"SearchAction","target":{"@type":"EntryPoint","urlTemplate":"https:\/\/ophtalmofes.ma\/?s={search_term_string}"},"query-input":{"@type":"PropertyValueSpecification","valueRequired":true,"valueName":"search_term_string"}}],"inLanguage":"ar"},{"@type":"Person","@id":"https:\/\/ophtalmofes.ma\/#\/schema\/person\/209f9de68e2f115e5d149b2cbe57c765","name":"noussa","image":{"@type":"ImageObject","inLanguage":"ar","@id":"https:\/\/ophtalmofes.ma\/wp-content\/litespeed\/avatar\/5857576812ee3d680a6088d530701051.jpg?ver=1776971591","url":"https:\/\/ophtalmofes.ma\/wp-content\/litespeed\/avatar\/5857576812ee3d680a6088d530701051.jpg?ver=1776971591","contentUrl":"https:\/\/ophtalmofes.ma\/wp-content\/litespeed\/avatar\/5857576812ee3d680a6088d530701051.jpg?ver=1776971591","caption":"noussa"},"url":"https:\/\/ophtalmofes.ma\/ar\/author\/212tech\/"}]}},"_links":{"self":[{"href":"https:\/\/ophtalmofes.ma\/ar\/wp-json\/wp\/v2\/posts\/8566","targetHints":{"allow":["GET"]}}],"collection":[{"href":"https:\/\/ophtalmofes.ma\/ar\/wp-json\/wp\/v2\/posts"}],"about":[{"href":"https:\/\/ophtalmofes.ma\/ar\/wp-json\/wp\/v2\/types\/post"}],"author":[{"embeddable":true,"href":"https:\/\/ophtalmofes.ma\/ar\/wp-json\/wp\/v2\/users\/3"}],"replies":[{"embeddable":true,"href":"https:\/\/ophtalmofes.ma\/ar\/wp-json\/wp\/v2\/comments?post=8566"}],"version-history":[{"count":1,"href":"https:\/\/ophtalmofes.ma\/ar\/wp-json\/wp\/v2\/posts\/8566\/revisions"}],"predecessor-version":[{"id":8568,"href":"https:\/\/ophtalmofes.ma\/ar\/wp-json\/wp\/v2\/posts\/8566\/revisions\/8568"}],"wp:attachment":[{"href":"https:\/\/ophtalmofes.ma\/ar\/wp-json\/wp\/v2\/media?parent=8566"}],"wp:term":[{"taxonomy":"category","embeddable":true,"href":"https:\/\/ophtalmofes.ma\/ar\/wp-json\/wp\/v2\/categories?post=8566"},{"taxonomy":"post_tag","embeddable":true,"href":"https:\/\/ophtalmofes.ma\/ar\/wp-json\/wp\/v2\/tags?post=8566"}],"curies":[{"name":"wp","href":"https:\/\/api.w.org\/{rel}","templated":true}]}}